{"id":1224,"date":"2012-02-27T14:14:57","date_gmt":"2012-02-27T12:14:57","guid":{"rendered":"http:\/\/friedhofstribuene.at\/wordpress\/?p=1224"},"modified":"2012-02-27T17:16:55","modified_gmt":"2012-02-27T15:16:55","slug":"start-in-die-meisterschaftsfruckrunde","status":"publish","type":"post","link":"https:\/\/www.friedhofstribuene.at\/wordpress\/start-in-die-meisterschaftsfruckrunde\/","title":{"rendered":"Start in die Meisterschaftsr\u00fcckrunde"},"content":{"rendered":"<p>Nach laaaaaaaaaaaangen (und zum Teil kalten) Wintermonaten geht&#8217;s am Freitag endlich wieder auf die Friedhofstrib\u00fcne, wenn der WSK die Admira Amateure begr\u00fc\u00dft. Und wenn wir uns an (v.a.) Halbzeit 1 des Herbstauftaktes in der S\u00fcdstadt erinnern, dann gibt&#8217;s da durchaus Potenzial nach oben. Ehrlich gesagt, war&#8217;s damals eine \u00fcberaus grausame Halbzeit. <\/p>\n<p><strong>Regionalliga Ost, 16. Runde<br \/>\nFreitag, 2.3.2011, 19.30 Uhr<br \/>\nWSK &#8211; Admira Amateure | -:- (-:-)<br \/>\nSport-Club Platz, Alszeile 19, 1170 Wien <\/strong><\/p>\n<p>Aber auch davor gibt&#8217;s schon Fussball Live am Sportclub Platz: n\u00e4mlich die U12, die sich im Vorspiel sicherlich den einen oder anderen Kiebitz verdient. Die U12 ist \u00fcbrigens derzeit sowas wie das Prunkst\u00fcck des WSK Nachwuchses (ohne hierbei die anderen Nachwuchs-Jahrg\u00e4nge degradieren zu wollen) und f\u00fchrt ihre WFV Liga \u00fcberlegen mit 8 Punkten Vorsprung an. <\/p>\n<p>U12 | VORSPIEL &#8211; RLO Fr\u00fchjahrsauftakt 2012<br \/>\nFr, 02.03.2012, 17:30<br \/>\n\u2028Wiener SK &#8211; ASV 13\u2028<br \/>\nSportclub-Platz <\/p>\n<p>Verabschieden mussten wir uns \u00fcber den Winter von zwei Spielern &#8211; einerseits der (allerdings in der zweiten Herbst-H\u00e4lfte  nicht mehr im Kader stehende) Schmiedtberger, andererseits &#8211; und das tut schon sehr weh &#8211; den zu Sollenau abgewanderten Coskun Kayhan (beeindruckende 19 Scorerpunkte im Herbst). In den Testspielen war regelm\u00e4\u00dfig Neuzugang Grumic in der Aufstellung zu finden, der andeutet, dass er eine wirkliche Verst\u00e4rkung sein kann. In den Testspielen zeigte er sich jedenfalls recht dynamisch, technisch gut und auch k\u00e4mpferisch OK &#8211; mal schauen, ob er das auch w\u00e4hrend der Meisterschaft umsetzen kann. Zum zweiten Neuzugang kann der Schreiber dieser Zeilen leider noch \u00fcberhaupt kein Urteil abgeben. Der St\u00fcrmer aus Sollenau war in den Testspielen noch nicht in der Kampfmannschaft zu sehen, soll aber wohl als St\u00fcrmer #4 hinter G\u00fcnes, Buchinger, Stehlik den Kader erg\u00e4nzen (wobei Stehlik des\u00f6fteren in der Vorbereitung auch ins Mittelfeld beordert wurde). Es bleibt zu hoffen, dass dem derzeit beim Bundesheer weilenden WSK-Nachwuchsspieler Ali Kaya nach Beendigung des Pr\u00e4senzdienst eine faire Chance gegeben wird, sich in den Kader der Ersten zu spielen.<\/p>\n<p>Denn: die Barriere der 1B\/Kampfmannschaft scheint leider nicht unbedingt durchl\u00e4ssig zu sein. Zwar waren Brem und Kohlhauser fast w\u00e4hrend der gesamten Vorbereitung bei der Kampfmannschaft dabei, auch Grozurek Flo erhielt die eine oder andere Chance. Im letzten Test gegen die Post fanden sie jedoch keine Ber\u00fccksichtigung im Kader von Trainer Maresch (wobei: ob&#8217;s bei Grozurek an einer m\u00f6glichen Blessur lag, ist mir leider nicht bekannt). Mit Dogas und Fuhrmann g\u00e4b&#8217;s schon auch noch den einen oder anderen in der U23 mit Potenzial f\u00fcr die Kampfmannschaft, die allerdings derzeit leider gar keine Rolle in der Ersten zu spielen scheinen.<br \/>\nMal schauen, ob wenigstens Yannick Soura zu mehr Einsatzminuten im Fr\u00fchjahr kommt und wie sich die Spielzeiten von Brem &#038; Co entwickeln.<\/p>\n<p>A propos Nachwuchs:<br \/>\nCongrats dem 1997er Jahrgang (bekanntlicherweise das Patenteam der FHT), die im Sport-Riss-Cup trotz Grippewelle, die etliche Spieler au\u00dfer Gefecht gesetzt hatte, die Vienna mit 3:2 besiegen konnten. <a href=\"http:\/\/www.wsk1997.com\" title=\"www.wsk1997.com\">Bericht auf www.wsk1997.com<\/a><\/p>\n","protected":false},"excerpt":{"rendered":"<p>Nach laaaaaaaaaaaangen (und zum Teil kalten) Wintermonaten geht&#8217;s am Freitag endlich wieder auf die Friedhofstrib\u00fcne, wenn der WSK die Admira Amateure begr\u00fc\u00dft. Und wenn wir uns an (v.a.) Halbzeit 1 des Herbstauftaktes in der S\u00fcdstadt erinnern, dann gibt&#8217;s da durchaus &hellip; <a href=\"https:\/\/www.friedhofstribuene.at\/wordpress\/start-in-die-meisterschaftsfruckrunde\/\">Weiterlesen <span class=\"meta-nav\">&rarr;<\/span><\/a><\/p>\n","protected":false},"author":2,"featured_media":0,"comment_status":"closed","ping_status":"open","sticky":false,"template":"","format":"standard","meta":{"ngg_post_thumbnail":0,"footnotes":""},"categories":[26,22,17],"tags":[],"class_list":["post-1224","post","type-post","status-publish","format-standard","hentry","category-fht-patenmannschanft","category-fussball","category-wsk-nachwuchs"],"_links":{"self":[{"href":"https:\/\/www.friedhofstribuene.at\/wordpress\/wp-json\/wp\/v2\/posts\/1224","targetHints":{"allow":["GET"]}}],"collection":[{"href":"https:\/\/www.friedhofstribuene.at\/wordpress\/wp-json\/wp\/v2\/posts"}],"about":[{"href":"https:\/\/www.friedhofstribuene.at\/wordpress\/wp-json\/wp\/v2\/types\/post"}],"author":[{"embeddable":true,"href":"https:\/\/www.friedhofstribuene.at\/wordpress\/wp-json\/wp\/v2\/users\/2"}],"replies":[{"embeddable":true,"href":"https:\/\/www.friedhofstribuene.at\/wordpress\/wp-json\/wp\/v2\/comments?post=1224"}],"version-history":[{"count":4,"href":"https:\/\/www.friedhofstribuene.at\/wordpress\/wp-json\/wp\/v2\/posts\/1224\/revisions"}],"predecessor-version":[{"id":1226,"href":"https:\/\/www.friedhofstribuene.at\/wordpress\/wp-json\/wp\/v2\/posts\/1224\/revisions\/1226"}],"wp:attachment":[{"href":"https:\/\/www.friedhofstribuene.at\/wordpress\/wp-json\/wp\/v2\/media?parent=1224"}],"wp:term":[{"taxonomy":"category","embeddable":true,"href":"https:\/\/www.friedhofstribuene.at\/wordpress\/wp-json\/wp\/v2\/categories?post=1224"},{"taxonomy":"post_tag","embeddable":true,"href":"https:\/\/www.friedhofstribuene.at\/wordpress\/wp-json\/wp\/v2\/tags?post=1224"}],"curies":[{"name":"wp","href":"https:\/\/api.w.org\/{rel}","templated":true}]}}