{"id":1353,"date":"2012-04-02T21:42:41","date_gmt":"2012-04-02T19:42:41","guid":{"rendered":"http:\/\/friedhofstribuene.at\/wordpress\/?p=1353"},"modified":"2012-04-02T21:42:41","modified_gmt":"2012-04-02T19:42:41","slug":"gemeinsame-anreise-zu-den-austria-amateuren-5-4","status":"publish","type":"post","link":"https:\/\/www.friedhofstribuene.at\/wordpress\/gemeinsame-anreise-zu-den-austria-amateuren-5-4\/","title":{"rendered":"Gemeinsame Anreise zu den Austria Amateuren (5.4.)"},"content":{"rendered":"<p>Am Donnerstag (05.04.2012) findet das Ausw\u00e4rtsspiel gegen die Austria Amateure mit Beginn 19.00 Uhr in der Generali Arena (Horr Stadion) statt.<\/p>\n<p>Mit \u00f6ffentlichen Verkehrsmittel ist die Generali Arena mit der Stra\u00dfenbahnlinie 67 sowie mit der Autobuslinie 15A (Station Altes Landgut) erreichbar.<\/p>\n<p>Alle die m\u00f6chten, k\u00f6nnen gerne an einer gemeinsamen Anreise teilnehmen, die Eckdaten dazu lauten wie folgt:<\/p>\n<p>17.45 Uhr Treffpunkt Reumannplatz (U1)<br \/>\ncirka 17.55 Uhr Weiterfahrt mit der Stra\u00dfenbahnlinie 67<\/p>\n<p>Eine sch\u00f6ne Woche euch allen im Namen der Reiseleitung<\/p>\n","protected":false},"excerpt":{"rendered":"<p>Am Donnerstag (05.04.2012) findet das Ausw\u00e4rtsspiel gegen die Austria Amateure mit Beginn 19.00 Uhr in der Generali Arena (Horr Stadion) statt. Mit \u00f6ffentlichen Verkehrsmittel ist die Generali Arena mit der Stra\u00dfenbahnlinie 67 sowie mit der Autobuslinie 15A (Station Altes Landgut) &hellip; <a href=\"https:\/\/www.friedhofstribuene.at\/wordpress\/gemeinsame-anreise-zu-den-austria-amateuren-5-4\/\">Weiterlesen <span class=\"meta-nav\">&rarr;<\/span><\/a><\/p>\n","protected":false},"author":2,"featured_media":0,"comment_status":"closed","ping_status":"open","sticky":false,"template":"","format":"standard","meta":{"ngg_post_thumbnail":0,"footnotes":""},"categories":[10],"tags":[],"class_list":["post-1353","post","type-post","status-publish","format-standard","hentry","category-fht-on-tour"],"_links":{"self":[{"href":"https:\/\/www.friedhofstribuene.at\/wordpress\/wp-json\/wp\/v2\/posts\/1353","targetHints":{"allow":["GET"]}}],"collection":[{"href":"https:\/\/www.friedhofstribuene.at\/wordpress\/wp-json\/wp\/v2\/posts"}],"about":[{"href":"https:\/\/www.friedhofstribuene.at\/wordpress\/wp-json\/wp\/v2\/types\/post"}],"author":[{"embeddable":true,"href":"https:\/\/www.friedhofstribuene.at\/wordpress\/wp-json\/wp\/v2\/users\/2"}],"replies":[{"embeddable":true,"href":"https:\/\/www.friedhofstribuene.at\/wordpress\/wp-json\/wp\/v2\/comments?post=1353"}],"version-history":[{"count":2,"href":"https:\/\/www.friedhofstribuene.at\/wordpress\/wp-json\/wp\/v2\/posts\/1353\/revisions"}],"predecessor-version":[{"id":1355,"href":"https:\/\/www.friedhofstribuene.at\/wordpress\/wp-json\/wp\/v2\/posts\/1353\/revisions\/1355"}],"wp:attachment":[{"href":"https:\/\/www.friedhofstribuene.at\/wordpress\/wp-json\/wp\/v2\/media?parent=1353"}],"wp:term":[{"taxonomy":"category","embeddable":true,"href":"https:\/\/www.friedhofstribuene.at\/wordpress\/wp-json\/wp\/v2\/categories?post=1353"},{"taxonomy":"post_tag","embeddable":true,"href":"https:\/\/www.friedhofstribuene.at\/wordpress\/wp-json\/wp\/v2\/tags?post=1353"}],"curies":[{"name":"wp","href":"https:\/\/api.w.org\/{rel}","templated":true}]}}