{"id":1503,"date":"2012-05-13T11:10:06","date_gmt":"2012-05-13T09:10:06","guid":{"rendered":"http:\/\/friedhofstribuene.at\/wordpress\/?p=1503"},"modified":"2012-05-14T19:20:32","modified_gmt":"2012-05-14T17:20:32","slug":"rettet-den-sportclubplatz","status":"publish","type":"post","link":"https:\/\/www.friedhofstribuene.at\/wordpress\/rettet-den-sportclubplatz\/","title":{"rendered":"&#8222;Rettet den Sportclubplatz&#8220; auf TV-Tour"},"content":{"rendered":"<p><img loading=\"lazy\" decoding=\"async\" class=\"aligncenter size-full wp-image-1504\" title=\"Rettet den Sportclubplatz!\" src=\"http:\/\/friedhofstribuene.at\/wordpress\/wp-content\/uploads\/2012\/05\/rettetdensptclpltz_flyer3_web.jpg\" alt=\"\" width=\"353\" height=\"500\" srcset=\"https:\/\/www.friedhofstribuene.at\/wordpress\/wp-content\/uploads\/2012\/05\/rettetdensptclpltz_flyer3_web.jpg 353w, https:\/\/www.friedhofstribuene.at\/wordpress\/wp-content\/uploads\/2012\/05\/rettetdensptclpltz_flyer3_web-211x300.jpg 211w\" sizes=\"auto, (max-width: 353px) 100vw, 353px\" \/><\/p>\n<p>Eine Away-Fahrt der etwas ungewohnten Art findet am 21.5. statt &#8211; an diesem Tag besuchen die Freund_innen der FHT das Frauen Tischtennis Champions League Finale und m\u00f6chten dort dem neuen Banner <a href=\"http:\/\/friedhofstribuene.at\/wordpress\/?p=1496\" title=\"Transparent \u201cRettet den Sportclubplatz!\u201d\">&#8222;Rettet den Sportclubplatz&#8220; (wir haben berichtet)<\/a> auch ein wenig Ausgang in ungewohnte Gefilde und vor allem Medienpr\u00e4senz verschaffen.<\/p>\n<p>Die mediale Pr\u00e4senz durch die \u00dcbertragung auf ORF Sport Plus &#8222;<a title=\"Transparent \u201cRettet den Sportclubplatz!\u201d\" href=\"http:\/\/friedhofstribuene.at\/wordpress\/?p=1496\">Rettet den Sportclubplatz<\/a>&#8220; (wir berichteten) soll ein weiteres Mosaiksteinchen, um unser Anliegen in einer breiteren \u00d6ffentlichkeit bekannt zu machen.<\/p>\n<p>Es w\u00fcrde uns jedenfalls freuen, wenn sich m\u00f6glichst viele, die sich alle 14 Tage auf der FHT einfinden, ihre Unterst\u00fctzung mit ihrem Besuch kundtun. Und wer kann schon von sich behaupten, dass f\u00fcr die television\u00e4re Pr\u00e4senz eines Banners ein Champions League Finale als Rahmenprogramm ausgerichtet wird *g*?<\/p>\n<p>Rettet den Sportclubplatz!<\/p>\n<p><strong>Gemeinsame Anfahrt &#8211; Treffpunkt:<\/p>\n<p>21.5.2012 &#8211; 18.00<br \/>\nWien &#8211; Mitte \/ Landstra\u00dfe<br \/>\nHaltestelle 74a<\/strong><\/p>\n<p>&nbsp;<\/p>\n","protected":false},"excerpt":{"rendered":"<p>Eine Away-Fahrt der etwas ungewohnten Art findet am 21.5. statt &#8211; an diesem Tag besuchen die Freund_innen der FHT das Frauen Tischtennis Champions League Finale und m\u00f6chten dort dem neuen Banner &#8222;Rettet den Sportclubplatz&#8220; (wir haben berichtet) auch ein wenig &hellip; <a href=\"https:\/\/www.friedhofstribuene.at\/wordpress\/rettet-den-sportclubplatz\/\">Weiterlesen <span class=\"meta-nav\">&rarr;<\/span><\/a><\/p>\n","protected":false},"author":2,"featured_media":0,"comment_status":"closed","ping_status":"open","sticky":false,"template":"","format":"standard","meta":{"ngg_post_thumbnail":0,"footnotes":""},"categories":[1],"tags":[],"class_list":["post-1503","post","type-post","status-publish","format-standard","hentry","category-allgemein"],"_links":{"self":[{"href":"https:\/\/www.friedhofstribuene.at\/wordpress\/wp-json\/wp\/v2\/posts\/1503","targetHints":{"allow":["GET"]}}],"collection":[{"href":"https:\/\/www.friedhofstribuene.at\/wordpress\/wp-json\/wp\/v2\/posts"}],"about":[{"href":"https:\/\/www.friedhofstribuene.at\/wordpress\/wp-json\/wp\/v2\/types\/post"}],"author":[{"embeddable":true,"href":"https:\/\/www.friedhofstribuene.at\/wordpress\/wp-json\/wp\/v2\/users\/2"}],"replies":[{"embeddable":true,"href":"https:\/\/www.friedhofstribuene.at\/wordpress\/wp-json\/wp\/v2\/comments?post=1503"}],"version-history":[{"count":5,"href":"https:\/\/www.friedhofstribuene.at\/wordpress\/wp-json\/wp\/v2\/posts\/1503\/revisions"}],"predecessor-version":[{"id":1512,"href":"https:\/\/www.friedhofstribuene.at\/wordpress\/wp-json\/wp\/v2\/posts\/1503\/revisions\/1512"}],"wp:attachment":[{"href":"https:\/\/www.friedhofstribuene.at\/wordpress\/wp-json\/wp\/v2\/media?parent=1503"}],"wp:term":[{"taxonomy":"category","embeddable":true,"href":"https:\/\/www.friedhofstribuene.at\/wordpress\/wp-json\/wp\/v2\/categories?post=1503"},{"taxonomy":"post_tag","embeddable":true,"href":"https:\/\/www.friedhofstribuene.at\/wordpress\/wp-json\/wp\/v2\/tags?post=1503"}],"curies":[{"name":"wp","href":"https:\/\/api.w.org\/{rel}","templated":true}]}}