{"id":1591,"date":"2012-06-10T14:32:30","date_gmt":"2012-06-10T12:32:30","guid":{"rendered":"http:\/\/friedhofstribuene.at\/wordpress\/?p=1591"},"modified":"2012-06-12T07:59:01","modified_gmt":"2012-06-12T05:59:01","slug":"farewell-gerhard","status":"publish","type":"post","link":"https:\/\/www.friedhofstribuene.at\/wordpress\/farewell-gerhard\/","title":{"rendered":"Farewell, Gerhard!"},"content":{"rendered":"<p>Zum Abschluss der U15 fanden sich noch einige FHTler, die sich nicht nur Abschluss des Patenteams ansehen, sondern auch den scheidenden Trainer Gerhard Irker verabschieden wollten. <\/p>\n<p>Leider gelang den 97ern kein Abschiedssieg mehr f\u00fcr ihren Coach, trotzdem aber hoffen wir, dass wir Dich, lieber Gerhard, auch in Zukunft ab und an bei Deinen langj\u00e4hrigen Sch\u00fctzlingen sehen!<\/p>\nngg_shortcode_0_placeholder\n<p>Herzlichen Dank &#8211; wie immer &#8211; f\u00fcr die Pics an MaM\u00fc! <\/p>\n","protected":false},"excerpt":{"rendered":"<p>Zum Abschluss der U15 fanden sich noch einige FHTler, die sich nicht nur Abschluss des Patenteams ansehen, sondern auch den scheidenden Trainer Gerhard Irker verabschieden wollten. Leider gelang den 97ern kein Abschiedssieg mehr f\u00fcr ihren Coach, trotzdem aber hoffen wir, &hellip; <a href=\"https:\/\/www.friedhofstribuene.at\/wordpress\/farewell-gerhard\/\">Weiterlesen <span class=\"meta-nav\">&rarr;<\/span><\/a><\/p>\n","protected":false},"author":2,"featured_media":0,"comment_status":"closed","ping_status":"open","sticky":false,"template":"","format":"standard","meta":{"ngg_post_thumbnail":0,"footnotes":""},"categories":[1],"tags":[],"class_list":["post-1591","post","type-post","status-publish","format-standard","hentry","category-allgemein"],"_links":{"self":[{"href":"https:\/\/www.friedhofstribuene.at\/wordpress\/wp-json\/wp\/v2\/posts\/1591","targetHints":{"allow":["GET"]}}],"collection":[{"href":"https:\/\/www.friedhofstribuene.at\/wordpress\/wp-json\/wp\/v2\/posts"}],"about":[{"href":"https:\/\/www.friedhofstribuene.at\/wordpress\/wp-json\/wp\/v2\/types\/post"}],"author":[{"embeddable":true,"href":"https:\/\/www.friedhofstribuene.at\/wordpress\/wp-json\/wp\/v2\/users\/2"}],"replies":[{"embeddable":true,"href":"https:\/\/www.friedhofstribuene.at\/wordpress\/wp-json\/wp\/v2\/comments?post=1591"}],"version-history":[{"count":4,"href":"https:\/\/www.friedhofstribuene.at\/wordpress\/wp-json\/wp\/v2\/posts\/1591\/revisions"}],"predecessor-version":[{"id":1598,"href":"https:\/\/www.friedhofstribuene.at\/wordpress\/wp-json\/wp\/v2\/posts\/1591\/revisions\/1598"}],"wp:attachment":[{"href":"https:\/\/www.friedhofstribuene.at\/wordpress\/wp-json\/wp\/v2\/media?parent=1591"}],"wp:term":[{"taxonomy":"category","embeddable":true,"href":"https:\/\/www.friedhofstribuene.at\/wordpress\/wp-json\/wp\/v2\/categories?post=1591"},{"taxonomy":"post_tag","embeddable":true,"href":"https:\/\/www.friedhofstribuene.at\/wordpress\/wp-json\/wp\/v2\/tags?post=1591"}],"curies":[{"name":"wp","href":"https:\/\/api.w.org\/{rel}","templated":true}]}}