{"id":2169,"date":"2013-03-25T19:47:35","date_gmt":"2013-03-25T17:47:35","guid":{"rendered":"http:\/\/friedhofstribuene.at\/wordpress\/?p=2169"},"modified":"2013-05-02T07:57:28","modified_gmt":"2013-05-02T05:57:28","slug":"unsere-langjahrige-reiseleitung-sagt-adieu","status":"publish","type":"post","link":"https:\/\/www.friedhofstribuene.at\/wordpress\/unsere-langjahrige-reiseleitung-sagt-adieu\/","title":{"rendered":"Unsere langj\u00e4hrige Reiseleitung sagt adieu!"},"content":{"rendered":"<p>Und m\u00f6chte aus diesem Grund zu einem Umtrunk einladen, um diesen Abschied geb\u00fchrend zu w\u00fcrdigen.<br \/>\nWir w\u00fcrden uns freuen, wenn sich viele, die die stets vorbildlich organisierten Ausw\u00e4rtsfahrten mit Markus genossen haben, zusammenfinden, in Erinnerungen schwelgen und einfach zusammen feiern. <\/p>\n<p>Von Markus selbst m\u00f6chten wir die Einladung an dieser Stelle ver\u00f6ffentlichen!<\/p>\n<p><em>Hallo allerseits!<\/p>\n<p>Nun, bald ist es soweit, am 20.04.2013 trete ich meine letzte Fahrt als Reiseleiter (nach Retz) an.<br \/>\nIch finde, das geh\u00f6rt schon ordentlich gefeiert.<br \/>\nAus diesem Grund spreche ich hiermit eine Einladung zu meiner Abschiedsfeier am 30.04.2013 (Dienstag) aus und lade euch herzlich dazu in`s Flag ein.<br \/>\nDie ersten zwei F\u00e4sser Bier, die erste Kiste Wein sowie \u201eAntialk\u201c werden gratis sein.<br \/>\nAlso, first Come: First Free Drink *g*<br \/>\nDa der n\u00e4chste Tag (01.05.2013) ein Feiertag ist, habt ihr somit die M\u00f6glichkeit auch ausschlafen zu k\u00f6nnen.<\/p>\n<p>Als DJ`s werden die Herren Kutarilo, Regen und Common eure Ohren erfreuen.<\/p>\n<p>Ich freue mich schon sehr auf Euch und hoffe auf euer Kommen!<\/p>\n<p>LG, Markus<\/em><\/p>\n","protected":false},"excerpt":{"rendered":"<p>Und m\u00f6chte aus diesem Grund zu einem Umtrunk einladen, um diesen Abschied geb\u00fchrend zu w\u00fcrdigen. Wir w\u00fcrden uns freuen, wenn sich viele, die die stets vorbildlich organisierten Ausw\u00e4rtsfahrten mit Markus genossen haben, zusammenfinden, in Erinnerungen schwelgen und einfach zusammen feiern. &hellip; <a href=\"https:\/\/www.friedhofstribuene.at\/wordpress\/unsere-langjahrige-reiseleitung-sagt-adieu\/\">Weiterlesen <span class=\"meta-nav\">&rarr;<\/span><\/a><\/p>\n","protected":false},"author":2,"featured_media":0,"comment_status":"closed","ping_status":"open","sticky":false,"template":"","format":"standard","meta":{"ngg_post_thumbnail":0,"footnotes":""},"categories":[10,8],"tags":[59],"class_list":["post-2169","post","type-post","status-publish","format-standard","hentry","category-fht-on-tour","category-theflag","tag-reiseleitung-abschied"],"_links":{"self":[{"href":"https:\/\/www.friedhofstribuene.at\/wordpress\/wp-json\/wp\/v2\/posts\/2169","targetHints":{"allow":["GET"]}}],"collection":[{"href":"https:\/\/www.friedhofstribuene.at\/wordpress\/wp-json\/wp\/v2\/posts"}],"about":[{"href":"https:\/\/www.friedhofstribuene.at\/wordpress\/wp-json\/wp\/v2\/types\/post"}],"author":[{"embeddable":true,"href":"https:\/\/www.friedhofstribuene.at\/wordpress\/wp-json\/wp\/v2\/users\/2"}],"replies":[{"embeddable":true,"href":"https:\/\/www.friedhofstribuene.at\/wordpress\/wp-json\/wp\/v2\/comments?post=2169"}],"version-history":[{"count":3,"href":"https:\/\/www.friedhofstribuene.at\/wordpress\/wp-json\/wp\/v2\/posts\/2169\/revisions"}],"predecessor-version":[{"id":2338,"href":"https:\/\/www.friedhofstribuene.at\/wordpress\/wp-json\/wp\/v2\/posts\/2169\/revisions\/2338"}],"wp:attachment":[{"href":"https:\/\/www.friedhofstribuene.at\/wordpress\/wp-json\/wp\/v2\/media?parent=2169"}],"wp:term":[{"taxonomy":"category","embeddable":true,"href":"https:\/\/www.friedhofstribuene.at\/wordpress\/wp-json\/wp\/v2\/categories?post=2169"},{"taxonomy":"post_tag","embeddable":true,"href":"https:\/\/www.friedhofstribuene.at\/wordpress\/wp-json\/wp\/v2\/tags?post=2169"}],"curies":[{"name":"wp","href":"https:\/\/api.w.org\/{rel}","templated":true}]}}