{"id":2178,"date":"2013-03-25T18:00:01","date_gmt":"2013-03-25T16:00:01","guid":{"rendered":"http:\/\/friedhofstribuene.at\/wordpress\/?p=2178"},"modified":"2013-03-26T16:43:48","modified_gmt":"2013-03-26T14:43:48","slug":"ruckfuhrung-ja-warum-denn-eigentlich","status":"publish","type":"post","link":"https:\/\/www.friedhofstribuene.at\/wordpress\/ruckfuhrung-ja-warum-denn-eigentlich\/","title":{"rendered":"R\u00fcckf\u00fchrung &#8211; ja, warum denn eigentlich?"},"content":{"rendered":"<p>Die Frage der R\u00fcckf\u00fchrung ist ein gef\u00fchltes Gebirgsbildungszeitalter nach der Gr\u00fcndung des WSK weiterhin eine leider ungel\u00f6ste, nichtsdestotrotz aber auch eine DER bewegenden Fragen gro\u00dfer Teile der aktiven Anh\u00e4ngerschaft. <\/p>\n<p>Auch die Frage &#8222;R\u00fcckf\u00fchrung, ja warum denn eigentlich&#8220; wird immer wieder gestellt. Auch j\u00fcngst auf Facebook wurde die Frage in der Variation &#8222;<a href=\"http:\/\/www.facebook.com\/questions\/282966635170687\/\" title=\"R\u00fcckf\u00fchrung - Vor\/Nachteile Frage &#038; Antwort auf Facebook\" target=\"_blank\">Welche Vor\/Nachteile entstehenden denn bei der R\u00fcckf\u00fchrung f\u00fcr den WSK?<\/a>&#8220; gestellt. <\/p>\n<p>Eine treffende Antwort dazu kam von Christian Hetterich, seines Zeichens der Kopf hinter <a href=\"http:\/\/www.dornbachnetworks.at\/\" title=\"Dornbach Networks\" target=\"_blank\">Dornbach Networks &#8211; dem sportlichen Wirtschaftsnetzwerk<\/a> (\u00fcbrigens mittlerweile zu einer der wichtigsten finanziellen S\u00e4ulen f\u00fcr den Dornbacher Fu\u00dfball gewachsen). <\/p>\n<p>Diese Antwort m\u00f6chten wir auch an dieser Stelle verbreiten &#8211; sie bringt vieles auf den Punkt. <\/p>\n<p><em>    1) Fakt: der 10-Jahres-Namensnutzungsvertrag des WSK mit dem WSC l\u00e4uft im Mai 2014 aus. Ab da m\u00fcsste er sich &#8211; im Falle eines Alleingangs &#8211; fortan Wiener SK nennen. Das Wappen ist dann weg.<br \/>\n    2) Vorteil: kommt es zu einer R\u00fcckkehr der Fu\u00dfballer, wird es auch R\u00fcckkehrer geben. Anh\u00e4ngerInnen, Funktion\u00e4re, Sponsoren, Fanartikeleink\u00e4ufer etc.<br \/>\n    3) Vorteil: die jahrelangen themenbezogenen Reibungsverluste w\u00e4ren Geschichte. Dann brauchen wir uns nur noch \u00fcbers Stadion, \u00fcber die Finanzen und \u00fcber Vierer-Abwehrketten zu streiten.<br \/>\n    4) Vorteil: auch in der Wahrnehmung nach au\u00dfen hin k\u00f6nnten wir wieder als geeinter Verein auftreten. In den letzten Jahren war das ja h\u00f6chstens eine schlechte Schmierenkom\u00f6die.<br \/>\n    5) mit dem WSC kehrt auch der Kultstatus zur\u00fcck.<br \/>\n    6) Nachteil f\u00fcr den WSK? Die Frage ist vielmehr: WER ist der WSK? Urspr\u00fcnglich wurde er den Anh\u00e4ngern als \u00dcbergangsl\u00f6sung verkauft. Nach 11 langen Jahren sollte nun auch ein &#8222;\u00dcbergang&#8220; m\u00f6glich sein. <\/em><\/p>\n<p>Danke an Christian Hetterich f\u00fcr die Erlaubnis dies auch hier posten zu k\u00f6nnen. <\/p>\n","protected":false},"excerpt":{"rendered":"<p>Die Frage der R\u00fcckf\u00fchrung ist ein gef\u00fchltes Gebirgsbildungszeitalter nach der Gr\u00fcndung des WSK weiterhin eine leider ungel\u00f6ste, nichtsdestotrotz aber auch eine DER bewegenden Fragen gro\u00dfer Teile der aktiven Anh\u00e4ngerschaft. Auch die Frage &#8222;R\u00fcckf\u00fchrung, ja warum denn eigentlich&#8220; wird immer wieder &hellip; <a href=\"https:\/\/www.friedhofstribuene.at\/wordpress\/ruckfuhrung-ja-warum-denn-eigentlich\/\">Weiterlesen <span class=\"meta-nav\">&rarr;<\/span><\/a><\/p>\n","protected":false},"author":2,"featured_media":0,"comment_status":"closed","ping_status":"open","sticky":false,"template":"","format":"standard","meta":{"ngg_post_thumbnail":0,"footnotes":""},"categories":[1],"tags":[],"class_list":["post-2178","post","type-post","status-publish","format-standard","hentry","category-allgemein"],"_links":{"self":[{"href":"https:\/\/www.friedhofstribuene.at\/wordpress\/wp-json\/wp\/v2\/posts\/2178","targetHints":{"allow":["GET"]}}],"collection":[{"href":"https:\/\/www.friedhofstribuene.at\/wordpress\/wp-json\/wp\/v2\/posts"}],"about":[{"href":"https:\/\/www.friedhofstribuene.at\/wordpress\/wp-json\/wp\/v2\/types\/post"}],"author":[{"embeddable":true,"href":"https:\/\/www.friedhofstribuene.at\/wordpress\/wp-json\/wp\/v2\/users\/2"}],"replies":[{"embeddable":true,"href":"https:\/\/www.friedhofstribuene.at\/wordpress\/wp-json\/wp\/v2\/comments?post=2178"}],"version-history":[{"count":6,"href":"https:\/\/www.friedhofstribuene.at\/wordpress\/wp-json\/wp\/v2\/posts\/2178\/revisions"}],"predecessor-version":[{"id":2184,"href":"https:\/\/www.friedhofstribuene.at\/wordpress\/wp-json\/wp\/v2\/posts\/2178\/revisions\/2184"}],"wp:attachment":[{"href":"https:\/\/www.friedhofstribuene.at\/wordpress\/wp-json\/wp\/v2\/media?parent=2178"}],"wp:term":[{"taxonomy":"category","embeddable":true,"href":"https:\/\/www.friedhofstribuene.at\/wordpress\/wp-json\/wp\/v2\/categories?post=2178"},{"taxonomy":"post_tag","embeddable":true,"href":"https:\/\/www.friedhofstribuene.at\/wordpress\/wp-json\/wp\/v2\/tags?post=2178"}],"curies":[{"name":"wp","href":"https:\/\/api.w.org\/{rel}","templated":true}]}}