{"id":227,"date":"2011-01-31T20:00:40","date_gmt":"2011-01-31T18:00:40","guid":{"rendered":"http:\/\/friedhofstribuene.at\/wordpress\/?p=227"},"modified":"2011-02-02T03:55:06","modified_gmt":"2011-02-02T01:55:06","slug":"fechtsektion-des-wsc","status":"publish","type":"post","link":"https:\/\/www.friedhofstribuene.at\/wordpress\/fechtsektion-des-wsc\/","title":{"rendered":"Fechtsektion des WSC"},"content":{"rendered":"<p>Die Fechtsektion des Wiener Sportclub war voriges Wochenende vom 22.-23. J\u00e4nner in Wien bei den offenen \u00d6sterreichischen Akademischen Meisterschaften im S\u00e4belfechten aktiv. <strong>Max Oprzedek<\/strong> erreichte den 3. Rang im offenen Turnier und gewann somit die Akademikerwertung. <strong>Esmail Pashapour<\/strong> feierte sein Comeback und <strong>Arthur Kravina<\/strong> nahm ebenfalls teil. Bei den Damen war <strong>Anna Widhalm<\/strong> am Start.<\/p>\n<p><strong>Lukas Galli<\/strong> erreichte beim Juniorenweltcupturnier der S\u00e4belfechter in Dourdan, Frankreich den hervorragenden 12. Platz unter 96 Startern aus 12 Nationen. Lukas qualifizierte sich dadurch f\u00fcr die Juniorenweltmeisterschaft in Aman, Jordanien, erreichte 8 Weltcuppunkte und ist nun unter den Top 100 der Juniorenweltrangliste.<\/p>\n<p>Genauer nachzulesen nat\u00fcrlich auf der Homepage des Wiener Sportclub unter <a href=\"http:\/\/www.wsc.at\">www.wsc.at<\/a>.<\/p>\n","protected":false},"excerpt":{"rendered":"<p>Die Fechtsektion des Wiener Sportclub war voriges Wochenende vom 22.-23. J\u00e4nner in Wien bei den offenen \u00d6sterreichischen Akademischen Meisterschaften im S\u00e4belfechten aktiv. Max Oprzedek erreichte den 3. Rang im offenen Turnier und gewann somit die Akademikerwertung. Esmail Pashapour feierte sein &hellip; <a href=\"https:\/\/www.friedhofstribuene.at\/wordpress\/fechtsektion-des-wsc\/\">Weiterlesen <span class=\"meta-nav\">&rarr;<\/span><\/a><\/p>\n","protected":false},"author":1,"featured_media":0,"comment_status":"closed","ping_status":"open","sticky":false,"template":"","format":"standard","meta":{"ngg_post_thumbnail":0,"footnotes":""},"categories":[5],"tags":[],"class_list":["post-227","post","type-post","status-publish","format-standard","hentry","category-wsc"],"_links":{"self":[{"href":"https:\/\/www.friedhofstribuene.at\/wordpress\/wp-json\/wp\/v2\/posts\/227","targetHints":{"allow":["GET"]}}],"collection":[{"href":"https:\/\/www.friedhofstribuene.at\/wordpress\/wp-json\/wp\/v2\/posts"}],"about":[{"href":"https:\/\/www.friedhofstribuene.at\/wordpress\/wp-json\/wp\/v2\/types\/post"}],"author":[{"embeddable":true,"href":"https:\/\/www.friedhofstribuene.at\/wordpress\/wp-json\/wp\/v2\/users\/1"}],"replies":[{"embeddable":true,"href":"https:\/\/www.friedhofstribuene.at\/wordpress\/wp-json\/wp\/v2\/comments?post=227"}],"version-history":[{"count":6,"href":"https:\/\/www.friedhofstribuene.at\/wordpress\/wp-json\/wp\/v2\/posts\/227\/revisions"}],"predecessor-version":[{"id":239,"href":"https:\/\/www.friedhofstribuene.at\/wordpress\/wp-json\/wp\/v2\/posts\/227\/revisions\/239"}],"wp:attachment":[{"href":"https:\/\/www.friedhofstribuene.at\/wordpress\/wp-json\/wp\/v2\/media?parent=227"}],"wp:term":[{"taxonomy":"category","embeddable":true,"href":"https:\/\/www.friedhofstribuene.at\/wordpress\/wp-json\/wp\/v2\/categories?post=227"},{"taxonomy":"post_tag","embeddable":true,"href":"https:\/\/www.friedhofstribuene.at\/wordpress\/wp-json\/wp\/v2\/tags?post=227"}],"curies":[{"name":"wp","href":"https:\/\/api.w.org\/{rel}","templated":true}]}}