{"id":2327,"date":"2013-04-30T07:35:21","date_gmt":"2013-04-30T05:35:21","guid":{"rendered":"http:\/\/friedhofstribuene.at\/wordpress\/?p=2327"},"modified":"2013-05-19T15:16:43","modified_gmt":"2013-05-19T13:16:43","slug":"2327","status":"publish","type":"post","link":"https:\/\/www.friedhofstribuene.at\/wordpress\/2327\/","title":{"rendered":"FHT on Tour #18 &#8211;> Schreiber_innen gesucht"},"content":{"rendered":"<p>Im Zuge der Anreise in die S\u00fcdstadt am 24.05.2013, gegen die Admira Amateure, wird die n\u00e4chste Ausgabe (Nr. 18) des Printmediums &#8222;Friedhofstrib\u00fcne on Tour&#8220; erscheinen. Selbstverst\u00e4ndlich seid ihr wieder herzlich eingeladen, eure Gedanken zu Papier zu bringen. Es wird ersucht, allf\u00e4llige Berichte bis zum 17.05.2013 an <a href=\"mailto:kubanek@sonnek.com\" title=\"e-mail Kubanek\" target=\"_blank\">kubanek@sonnek.com<\/a> zu senden.<br \/>\nVielen Dank.<\/p>\n<p>LG, Markus. <\/p>\n<p>P.S.: Gerne k\u00f6nnen den Berichten, sofern vorhanden, auch Fotos mitgeschickt werden.<\/p>\n","protected":false},"excerpt":{"rendered":"<p>Im Zuge der Anreise in die S\u00fcdstadt am 24.05.2013, gegen die Admira Amateure, wird die n\u00e4chste Ausgabe (Nr. 18) des Printmediums &#8222;Friedhofstrib\u00fcne on Tour&#8220; erscheinen. Selbstverst\u00e4ndlich seid ihr wieder herzlich eingeladen, eure Gedanken zu Papier zu bringen. Es wird ersucht, &hellip; <a href=\"https:\/\/www.friedhofstribuene.at\/wordpress\/2327\/\">Weiterlesen <span class=\"meta-nav\">&rarr;<\/span><\/a><\/p>\n","protected":false},"author":2,"featured_media":0,"comment_status":"closed","ping_status":"open","sticky":false,"template":"","format":"standard","meta":{"ngg_post_thumbnail":0,"footnotes":""},"categories":[15,10,3],"tags":[],"class_list":["post-2327","post","type-post","status-publish","format-standard","hentry","category-fanzine","category-fht-on-tour","category-kultur"],"_links":{"self":[{"href":"https:\/\/www.friedhofstribuene.at\/wordpress\/wp-json\/wp\/v2\/posts\/2327","targetHints":{"allow":["GET"]}}],"collection":[{"href":"https:\/\/www.friedhofstribuene.at\/wordpress\/wp-json\/wp\/v2\/posts"}],"about":[{"href":"https:\/\/www.friedhofstribuene.at\/wordpress\/wp-json\/wp\/v2\/types\/post"}],"author":[{"embeddable":true,"href":"https:\/\/www.friedhofstribuene.at\/wordpress\/wp-json\/wp\/v2\/users\/2"}],"replies":[{"embeddable":true,"href":"https:\/\/www.friedhofstribuene.at\/wordpress\/wp-json\/wp\/v2\/comments?post=2327"}],"version-history":[{"count":4,"href":"https:\/\/www.friedhofstribuene.at\/wordpress\/wp-json\/wp\/v2\/posts\/2327\/revisions"}],"predecessor-version":[{"id":2378,"href":"https:\/\/www.friedhofstribuene.at\/wordpress\/wp-json\/wp\/v2\/posts\/2327\/revisions\/2378"}],"wp:attachment":[{"href":"https:\/\/www.friedhofstribuene.at\/wordpress\/wp-json\/wp\/v2\/media?parent=2327"}],"wp:term":[{"taxonomy":"category","embeddable":true,"href":"https:\/\/www.friedhofstribuene.at\/wordpress\/wp-json\/wp\/v2\/categories?post=2327"},{"taxonomy":"post_tag","embeddable":true,"href":"https:\/\/www.friedhofstribuene.at\/wordpress\/wp-json\/wp\/v2\/tags?post=2327"}],"curies":[{"name":"wp","href":"https:\/\/api.w.org\/{rel}","templated":true}]}}