{"id":2616,"date":"2013-09-17T19:48:16","date_gmt":"2013-09-17T17:48:16","guid":{"rendered":"http:\/\/friedhofstribuene.at\/wordpress\/?p=2616"},"modified":"2013-10-01T17:57:48","modified_gmt":"2013-10-01T15:57:48","slug":"4-10-2013-podiumsdiskussion-zur-geschichte-der-friedhofstribune","status":"publish","type":"post","link":"https:\/\/www.friedhofstribuene.at\/wordpress\/4-10-2013-podiumsdiskussion-zur-geschichte-der-friedhofstribune\/","title":{"rendered":"4.10.2013 &#8211; Podiumsdiskussion zur Geschichte der Friedhofstrib\u00fcne und Soli Party im Anschluss"},"content":{"rendered":"<p>Wie bereits an anderer Stelle erw\u00e4hnt (<a href=\"http:\/\/friedhofstribuene.at\/wordpress\/?p=2604\" title=\"Ausstellung \u201cTatort Stadion\u201d kommt nach Wien\">n\u00e4mlich hier<\/a>), findet im Rahmen der &#8222;Tatort Stadion&#8220; Ausstellung auch eine Diskussionsrunde mit speziellem FHT Bezug statt. <\/p>\n<p>Sehr herzlich laden die Freund_innen der Friedhofstrib\u00fcne zur <strong>Podiumsdiskussion \u201eDie Geschichte der Friedhofstrib\u00fcne \u2013 Von Schwarz auf Wei\u00df bis zum Ute Bock Cup\u201c<\/strong> ein.<br \/>\nDiskussionsort ist das <strong><a href=\"http:\/\/esel.at\/termine\/kategorie\/http:\/\/www.facebook.com\/moe.narrative.environment\" title=\"Veranstaltungszentrum mo.\u00eb\">Veranstaltungszentrum mo.\u00eb<\/a><\/strong> (Thelemangasse 4\/1, 1170 Wien) &#8211; parliert wird am <strong>04.10.2013, 19 Uhr<\/strong><\/p>\n<p>Zur Diskussion darf eine feine Runde begr\u00fc\u00dft werden, die uns durch zur Geschichte der Friedhofstrib\u00fcne sicherlich einige Anektdoten, vieles Wissenswerte und einiges zum Nachdenken mitgeben wird:<\/p>\n<p><strong>TeilnehmerInnen:<br \/>\n<\/strong>Kurt Reichinger, Mitgr\u00fcnder des Fanzines &#8222;Schwarz auf Wei\u00df&#8220;<br \/>\nHedi Mahn, langj\u00e4hrige Mitwirkende beim Fanzine<br \/>\nFranz Jackel: Mitbegr\u00fcnder des Clubheims &#8222;The Flag&#8220;, Fanzine<br \/>\nMartin Ro\u00dfbacher: derzeitiger Obmann &#8222;FreundInnen der Friedhofstrib\u00fcne&#8220;<br \/>\nSebastian Sch\u00f6nbauer: Flag-Crew und Mitorganisator Ute Bock Cup<\/p>\n<p>Geleitet wird die Diskussion \u00fcbrigens von Reinhard Krennhuber (<a href=\"http:\/\/www.ballesterer.at\" title=\"www.ballesterer.at\">ballesterer<\/a>)<\/p>\n<p>Und danach geht&#8217;s ab ins Flag: <\/p>\n<p><strong>\u201eKein Mensch ist illegal\u201c Soli-Party zu Gunsten der Fl\u00fcchtlinge des Servitenklosters<br \/>\nVernstaltungsort Flag, Alszeile 1170<br \/>\n04.10.2013, 22 Uhr<\/strong><\/p>\n<p><a href=\"http:\/\/friedhofstribuene.at\/wordpress\/wp-content\/uploads\/2013\/09\/131004_solipartyFlagFlyer.png\"><img loading=\"lazy\" decoding=\"async\" src=\"http:\/\/friedhofstribuene.at\/wordpress\/wp-content\/uploads\/2013\/09\/131004_solipartyFlagFlyer.png\" alt=\"Soli Party zugunsten der Fl\u00fcchtlinge im Servitenkloster - 4.10.2013 - Flag\" width=\"640\" height=\"740\" class=\"aligncenter size-full wp-image-2648\" srcset=\"https:\/\/www.friedhofstribuene.at\/wordpress\/wp-content\/uploads\/2013\/09\/131004_solipartyFlagFlyer.png 640w, https:\/\/www.friedhofstribuene.at\/wordpress\/wp-content\/uploads\/2013\/09\/131004_solipartyFlagFlyer-259x300.png 259w\" sizes=\"auto, (max-width: 640px) 100vw, 640px\" \/><\/a><\/p>\n<p>Wir freuen uns auf euch!<\/p>\n<p>Weitere Infos zu &#8222;Tatort Stadion&#8220; &#8211; inkl. Hinweisen zu allen weiteren Veranstaltungen sind auch schon online &#8211; und zwar <a href=\"http:\/\/friedhofstribuene.at\/wordpress\/?p=2604\" title=\"Ausstellung \u201cTatort Stadion\u201d kommt nach Wien\">HIER<\/a><\/p>\n","protected":false},"excerpt":{"rendered":"<p>Wie bereits an anderer Stelle erw\u00e4hnt (n\u00e4mlich hier), findet im Rahmen der &#8222;Tatort Stadion&#8220; Ausstellung auch eine Diskussionsrunde mit speziellem FHT Bezug statt. Sehr herzlich laden die Freund_innen der Friedhofstrib\u00fcne zur Podiumsdiskussion \u201eDie Geschichte der Friedhofstrib\u00fcne \u2013 Von Schwarz auf &hellip; <a href=\"https:\/\/www.friedhofstribuene.at\/wordpress\/4-10-2013-podiumsdiskussion-zur-geschichte-der-friedhofstribune\/\">Weiterlesen <span class=\"meta-nav\">&rarr;<\/span><\/a><\/p>\n","protected":false},"author":2,"featured_media":0,"comment_status":"closed","ping_status":"open","sticky":false,"template":"","format":"standard","meta":{"ngg_post_thumbnail":0,"footnotes":""},"categories":[1,22,3,8,5],"tags":[],"class_list":["post-2616","post","type-post","status-publish","format-standard","hentry","category-allgemein","category-fussball","category-kultur","category-theflag","category-wsc"],"_links":{"self":[{"href":"https:\/\/www.friedhofstribuene.at\/wordpress\/wp-json\/wp\/v2\/posts\/2616","targetHints":{"allow":["GET"]}}],"collection":[{"href":"https:\/\/www.friedhofstribuene.at\/wordpress\/wp-json\/wp\/v2\/posts"}],"about":[{"href":"https:\/\/www.friedhofstribuene.at\/wordpress\/wp-json\/wp\/v2\/types\/post"}],"author":[{"embeddable":true,"href":"https:\/\/www.friedhofstribuene.at\/wordpress\/wp-json\/wp\/v2\/users\/2"}],"replies":[{"embeddable":true,"href":"https:\/\/www.friedhofstribuene.at\/wordpress\/wp-json\/wp\/v2\/comments?post=2616"}],"version-history":[{"count":9,"href":"https:\/\/www.friedhofstribuene.at\/wordpress\/wp-json\/wp\/v2\/posts\/2616\/revisions"}],"predecessor-version":[{"id":2649,"href":"https:\/\/www.friedhofstribuene.at\/wordpress\/wp-json\/wp\/v2\/posts\/2616\/revisions\/2649"}],"wp:attachment":[{"href":"https:\/\/www.friedhofstribuene.at\/wordpress\/wp-json\/wp\/v2\/media?parent=2616"}],"wp:term":[{"taxonomy":"category","embeddable":true,"href":"https:\/\/www.friedhofstribuene.at\/wordpress\/wp-json\/wp\/v2\/categories?post=2616"},{"taxonomy":"post_tag","embeddable":true,"href":"https:\/\/www.friedhofstribuene.at\/wordpress\/wp-json\/wp\/v2\/tags?post=2616"}],"curies":[{"name":"wp","href":"https:\/\/api.w.org\/{rel}","templated":true}]}}