{"id":2731,"date":"2013-10-24T07:05:38","date_gmt":"2013-10-24T05:05:38","guid":{"rendered":"http:\/\/friedhofstribuene.at\/wordpress\/?p=2731"},"modified":"2013-10-24T11:25:22","modified_gmt":"2013-10-24T09:25:22","slug":"football-against-racism-in-europe-fare-aktionswochen-15-29-oktober-2013","status":"publish","type":"post","link":"https:\/\/www.friedhofstribuene.at\/wordpress\/football-against-racism-in-europe-fare-aktionswochen-15-29-oktober-2013\/","title":{"rendered":"Football Against Racism in Europe: FARE-Aktionswochen 15.-29. Oktober 2013"},"content":{"rendered":"<p><a href=\"http:\/\/www.farenet.org\"><img loading=\"lazy\" decoding=\"async\" class=\"aligncenter size-full wp-image-734\" alt=\"fare_4c_rot_150pxwide\" src=\"http:\/\/friedhofstribuene.at\/wordpress\/wp-content\/uploads\/2011\/10\/fare_4c_rot_150pxwide.jpg\" width=\"150\" height=\"65\" \/><\/a><\/p>\n<p>Wie jedes Jahr im Oktober finden auch heuer wieder die FARE-Aktionswochen in Europa statt. Die FreundInnen der Friedhofstrib\u00fcne waren ein Gr\u00fcndungsmitglied dieses Anti-Diskriminierungs-Netzwerkes aktiver Fu\u00dfballfans in Europa. Der Kampf gegen Ausgrenzungen beschr\u00e4nkt sich dabei nicht auf den Fu\u00dfball.<\/p>\n<p>Die FreundInnen der Friedhofstrib\u00fcne besch\u00e4ftigen sich anl\u00e4sslich der FARE-Aktionswochen in diesem Jahr mit dem Thema Flucht und Migration und den unmenschlichen Abwehrmechanismen v.a. der &#8222;Festung Europa&#8220;. Aktuelle F\u00e4lle von hunderten toten Fl\u00fcchtlingen im Mittelmeer versch\u00e4rfen das Unwohlsein und die Wut \u00fcber die sich seit Jahren versch\u00e4rfende Politik \u00d6sterreichs und der EU gegen\u00fcber Asylsuchenden und Fl\u00fcchtlingen. Gr\u00fcnde, sich hier gesellschaftspolitisch zu engagieren, gibt es seit Jahren jede Menge. Abfanglager in nordafrikanischen Staaten und der Einsatz dortiger Armeen gegen die Fl\u00fcchtlingsbewegungen, beides von der EU mitfinanziert, sind dabei zwei Ekel erregende und v.a. menschenrechtswidrige Mechanismen.<\/p>\n<p>Die Botschaft ist eine klare: Menschenrechte sind unteilbar! Dies muss\/sollte uns allen klar sein und wir sehen es als unsere Pflicht, uns daf\u00fcr einzusetzen! Gesellschaft und Medien m\u00fcssen mit dem Thema auf eine Weise umgehen, die frei von Sensationsgier und Vorurteilen ist. Der angebliche Kampf gegen das Schlepperwesen ist zum Beispiel einer dieser bewusst gestreuten Mythen. Internationale Recherchen und Studien von NGOs zeigen ganz klar: Je sch\u00e4rfer die Gesetze sind, je h\u00e4rter die Ausgrenzen \u00fcberwacht werden, umso mehr profitieren internationale Schlepper und Menschenh\u00e4ndler davon. Die EU sollte endlich damit beginnen, sich im Nachhinein den Friedensnobelpreis zu verdienen, indem sie die Mittel f\u00fcr Frontex und alle anderen Einrichtungen zum &#8222;Grenzschutz&#8220; besser einsetzt. Zum Beispiel in einer Entwicklungshilfe, die einen solchen Namen auch verdient hat und in die Arbeit mit Asylsuchenden f\u00fcr eine gemeinsame Integration.<\/p>\n<p>Ganz wichtig bei dieser Thematik, bleibt es v.a. auch in der eigenen Stadt wachsam zu bleiben. Sei es, wenn es darum geht Zivilcourage im (halb-)\u00f6ffentlichen Raum bei rassistischen Vorf\u00e4llen zu zeigen: bei der Unterst\u00fctzung von Organisationen (z.B. Asyl in Not, SOS Mitmensch, Verein Ute Bock,&#8230;.) und Initiativen (z.B. Refugee-Protest-Camp, Ute Bock Cup, Goodball,&#8230;) und vor allem auch beim Einsatz der Polizei bei Abschiebungen und anderen Amtshandlungen. Ein Beispiel f\u00fcr eine besonders nahegehende Aktion, schildert die Autorin Julya Rabinowich, wo z.B. im Spital ein Gro\u00dfaufgebot von Polizei eine Mutter von ihrem Kind trennte, welches dringend medizinische Hilfe ben\u00f6tigte. Sie war als \u00dcbersetzerin dabei und beschreibt ihre Erlebnisse <a href=\"http:\/\/derstandard.at\/1378249029815\/Notaufnahme-Ausnahmezustand-oder-die-Verdinglichung\" target=\"_blank\">HIER<\/a>.<\/p>\n<p>Als Einzelne bzw. als Gruppe engagierter und solidarischer Menschen und Fu\u00dfballfans k\u00f6nnen wir im Kleinen und Schritt f\u00fcr Schritt dazu beitragen, dass Gesetze und ihre (oftmals nicht rechtskr\u00e4ftige) Umsetzung wieder menschenrechtskonform werden und keinen falls noch repressiver!<\/p>\n<p>Die FreundInnen der Friedhofstrib\u00fcne haben schon im Rahmen von Tatort Stadion ein Soli-Fest im Flag f\u00fcr die Menschen des Refugee Protest Camps veranstaltet, \u20ac 800,- konnten als Spende \u00fcbergeben werde. Dankenswerterweise hat sich der Wiener Sportklub bereit erkl\u00e4rt, f\u00fcr diese AktivistInnen und Asylsuchenden etliche Freikarten zur Verf\u00fcgung zu stellen. Wir freuen uns, dass sie wieder bei uns zu Gast sein werden und bedanken uns f\u00fcr die Freikarten beim Wiener SK.<\/p>\n<p>Au\u00dferdem haben wir ein Transparent anfertigen lassen, welches die klare Ablehnung gegen die &#8222;Festung Europa&#8220; und ihre Mechanismen zum Ausdruck bringen soll und das beim Heimspiel gegen Stegersbach pr\u00e4sentiert wird.<\/p>\n<p><img loading=\"lazy\" decoding=\"async\" class=\"aligncenter size-full wp-image-2745\" alt=\"Festung Europa - Abwehrriegel Knacken\" src=\"http:\/\/friedhofstribuene.at\/wordpress\/wp-content\/uploads\/2013\/10\/FestungEuropa_AbwehrriegelKnacken-e1382593821153.png\" width=\"650\" height=\"163\" \/><\/p>\n<p>Schlussendlich verkaufen wir auch heuer wieder 72 K\u00e4stchen auf der FARE-Bande &#8222;All different &#8211; All equal&#8220; im Stadion zu je \u20ac 10,-. Die erwartete Spende von \u20ac 720 werden wir heuer dem Verein Hemayat zur Verf\u00fcgung stellen, welcher traumatisierte Fl\u00fcchtlinge psychosozial betreut.<\/p>\n<p>Diese Bande wird &#8211; wie bereits in den letzten Jahren &#8211; \u00fcbrigens auch wieder in Form eines Website-Banners virtualisiert (wie auch schon in den vergangenen Jahren). Wie das ausgesehen hat, das findet sich <a title=\"FARE 2012 \u2013 All Different All Equal \u2013 K\u00e4stchen ausverkauft!\" href=\"http:\/\/friedhofstribuene.at\/wordpress\/?p=1996\" target=\"_blank\">HIER<\/a> (am All Different &#8211; All Equal Banner mit dem Mauszeiger \u00fcber den Banner dr\u00fcber fahren &#8211; jedes verkaufte K\u00e4stchen bekommt einen Namen zugewiesen).<\/p>\n<p>Und au\u00dferdem gibt&#8217;s noch jede Menge Pickerl, mit denen wir ebenfalls auf die Problematik hinweisen m\u00f6chten:<\/p>\n<p><img loading=\"lazy\" decoding=\"async\" class=\"aligncenter size-medium wp-image-2747\" alt=\"Kein Mensch Ist Illegal\" src=\"http:\/\/friedhofstribuene.at\/wordpress\/wp-content\/uploads\/2013\/10\/KeinMenschIstIllegal_Pickerl-210x300.png\" width=\"210\" height=\"300\" srcset=\"https:\/\/www.friedhofstribuene.at\/wordpress\/wp-content\/uploads\/2013\/10\/KeinMenschIstIllegal_Pickerl-210x300.png 210w, https:\/\/www.friedhofstribuene.at\/wordpress\/wp-content\/uploads\/2013\/10\/KeinMenschIstIllegal_Pickerl.png 614w\" sizes=\"auto, (max-width: 210px) 100vw, 210px\" \/><\/p>\n<p>W\u00e4r toll, wenn wir am Freitag vermelden d\u00fcrfen, dass alle Bandenk\u00e4stchen verkauft wurden. Vielen Dank jedenfalls f\u00fcr Eure Unterst\u00fctzung!<\/p>\n<p>Die FreundInnen der Friedhofstrib\u00fcne<\/p>\n<p>Links:<br \/>\n<a title=\"http:\/\/www.farenet.org\/\" href=\"http:\/\/www.farenet.org\/\" target=\"_blank\">FARE<\/a><br \/>\n<a title=\"http:\/\/www.fairplay.or.at\/\" href=\"http:\/\/www.fairplay.or.at\/\" target=\"_blank\">FAIRPLAY<\/a><br \/>\n<a title=\"http:\/\/refugeecampvienna.noblogs.org\/\" href=\"http:\/\/refugeecampvienna.noblogs.org\/\" target=\"_blank\">Refugee Camp Vienna\/<\/a><br \/>\n<a title=\"http:\/\/www.hemayat.org\/\" href=\"http:\/\/www.hemayat.org\/\" target=\"_blank\">Verein Hemayat<\/a><\/p>\n<p><a href=\"http:\/\/friedhofstribuene.at\/wordpress\/wp-content\/uploads\/2011\/10\/FAIRPLAY-Logo-QUER-klein.jpg\"><img loading=\"lazy\" decoding=\"async\" class=\"aligncenter size-full wp-image-720\" alt=\"Fairplay Logo\" src=\"http:\/\/friedhofstribuene.at\/wordpress\/wp-content\/uploads\/2011\/10\/FAIRPLAY-Logo-QUER-klein.jpg\" width=\"805\" height=\"194\" srcset=\"https:\/\/www.friedhofstribuene.at\/wordpress\/wp-content\/uploads\/2011\/10\/FAIRPLAY-Logo-QUER-klein.jpg 805w, https:\/\/www.friedhofstribuene.at\/wordpress\/wp-content\/uploads\/2011\/10\/FAIRPLAY-Logo-QUER-klein-300x72.jpg 300w\" sizes=\"auto, (max-width: 805px) 100vw, 805px\" \/><\/a><\/p>\n<p><a href=\"http:\/\/www.prosupporters.net\/\"><img loading=\"lazy\" decoding=\"async\" class=\"size-full wp-image-2737 aligncenter\" alt=\"Pro Supporters Logo\" src=\"http:\/\/friedhofstribuene.at\/wordpress\/wp-content\/uploads\/2013\/10\/ProSupportes-e1382537627932.png\" width=\"180\" height=\"85\" \/><\/a><\/p>\n<p><strong>INFOS zu HEMAYAT \u2013 Betreuungszentrum f\u00fcr Folter- und Kriegs\u00fcberlebende:<\/strong><\/p>\n<p><em>Hemayat ist ein Wort aus dem arabischen und persischen Sprachraum und bedeutet Betreuung und Schutz. Der Verein hat sich seit seiner Gr\u00fcndung als Zentrum f\u00fcr medizinische, psychologische und psychotherapeutische Betreuung von Folter- und Kriegs\u00fcberlebenden etabliert. Im Jahr 2012 konnten wir 692 Menschen aus 46 L\u00e4ndern betreuen.<\/em><br \/>\n<em> Im Krieg oder unter politisch repressiven Verh\u00e4ltnissen erlittene Traumata wirken weit \u00fcber die Dauer des unmittelbar lebensbedrohlichen Ereignisses hinaus. Psychologisch bedeutet eine Traumatisierung einen tiefen Einbruch, nach dem nichts mehr so ist, wie es vorher war. Das gewohnte Leben, Werthaltungen und Lebenseinstellungen geraten durcheinander. Die Menschen leiden an qu\u00e4lenden Erinnerungen, Schmerzzust\u00e4nden und Albtr\u00e4umen, sind reizbar und schreckhaft.<\/em><\/p>\n<p><em>Bei Hemayat arbeiten speziell ausgebildete \u00c4rztInnen, PsychologInnen und PsychotherapeutInnen. Das Einbeziehen von DolmetscherInnen erm\u00f6glicht den Betroffenen einen leichteren Zugang zu den Betreuungsleistungen auch kurz nach ihrer Ankunft in \u00d6sterreich. Die Symptome werden so schnell wie m\u00f6glich durch Behandlung gelindert, dass nach einer unertr\u00e4glichen Vergangenheit zumindest die Gegenwart wieder ertr\u00e4glich wird. Mit der Verarbeitung der Traumata machen die schrecklichen Erinnerungen Platz f\u00fcr neue Hoffnung und damit Integration m\u00f6glich.<\/em><\/p>\n<p><em>Die Nachfrage ist jedoch weit gr\u00f6\u00dfer als das finanzierte Angebot. Die Wartelisten von Menschen, die dringend psychologische und medizinische Hilfe ben\u00f6tigen, sind lang. Das ist umso tragischer, als gerade bei so schweren psychischen Verletzungen eine m\u00f6glichst schnelle Behandlung chronische Folgeerkrankungen verhindern kann.<\/em><\/p>\n<p><em>Bankverbindung: Erste Bank, BLZ 20111; Kontonummer: 28 446 099 600<\/em><br \/>\n<em> Kontakt: Sechsschimmelgasse 21, 1090 Wien<\/em><br \/>\n<em> Tel\/Fax: +431 216 43 06<\/em><br \/>\n<a title=\"Hemayat - Betreuungszentrum f\u00fcr Folter- und Kriegs\u00fcberlebende\" href=\"http:\/\/www.hemayat.org\" target=\"_blank\"><em> www.hemayat.org<\/em><\/a><\/p>\n","protected":false},"excerpt":{"rendered":"<p>Wie jedes Jahr im Oktober finden auch heuer wieder die FARE-Aktionswochen in Europa statt. Die FreundInnen der Friedhofstrib\u00fcne waren ein Gr\u00fcndungsmitglied dieses Anti-Diskriminierungs-Netzwerkes aktiver Fu\u00dfballfans in Europa. Der Kampf gegen Ausgrenzungen beschr\u00e4nkt sich dabei nicht auf den Fu\u00dfball. Die FreundInnen &hellip; <a href=\"https:\/\/www.friedhofstribuene.at\/wordpress\/football-against-racism-in-europe-fare-aktionswochen-15-29-oktober-2013\/\">Weiterlesen <span class=\"meta-nav\">&rarr;<\/span><\/a><\/p>\n","protected":false},"author":2,"featured_media":0,"comment_status":"closed","ping_status":"open","sticky":false,"template":"","format":"standard","meta":{"ngg_post_thumbnail":0,"footnotes":""},"categories":[1],"tags":[],"class_list":["post-2731","post","type-post","status-publish","format-standard","hentry","category-allgemein"],"_links":{"self":[{"href":"https:\/\/www.friedhofstribuene.at\/wordpress\/wp-json\/wp\/v2\/posts\/2731","targetHints":{"allow":["GET"]}}],"collection":[{"href":"https:\/\/www.friedhofstribuene.at\/wordpress\/wp-json\/wp\/v2\/posts"}],"about":[{"href":"https:\/\/www.friedhofstribuene.at\/wordpress\/wp-json\/wp\/v2\/types\/post"}],"author":[{"embeddable":true,"href":"https:\/\/www.friedhofstribuene.at\/wordpress\/wp-json\/wp\/v2\/users\/2"}],"replies":[{"embeddable":true,"href":"https:\/\/www.friedhofstribuene.at\/wordpress\/wp-json\/wp\/v2\/comments?post=2731"}],"version-history":[{"count":13,"href":"https:\/\/www.friedhofstribuene.at\/wordpress\/wp-json\/wp\/v2\/posts\/2731\/revisions"}],"predecessor-version":[{"id":2753,"href":"https:\/\/www.friedhofstribuene.at\/wordpress\/wp-json\/wp\/v2\/posts\/2731\/revisions\/2753"}],"wp:attachment":[{"href":"https:\/\/www.friedhofstribuene.at\/wordpress\/wp-json\/wp\/v2\/media?parent=2731"}],"wp:term":[{"taxonomy":"category","embeddable":true,"href":"https:\/\/www.friedhofstribuene.at\/wordpress\/wp-json\/wp\/v2\/categories?post=2731"},{"taxonomy":"post_tag","embeddable":true,"href":"https:\/\/www.friedhofstribuene.at\/wordpress\/wp-json\/wp\/v2\/tags?post=2731"}],"curies":[{"name":"wp","href":"https:\/\/api.w.org\/{rel}","templated":true}]}}