{"id":2874,"date":"2014-03-02T15:13:09","date_gmt":"2014-03-02T13:13:09","guid":{"rendered":"http:\/\/www.friedhofstribuene.at\/wordpress\/?p=2874"},"modified":"2014-03-02T15:13:53","modified_gmt":"2014-03-02T13:13:53","slug":"bilder-von-der-bunten-woche","status":"publish","type":"post","link":"https:\/\/www.friedhofstribuene.at\/wordpress\/bilder-von-der-bunten-woche\/","title":{"rendered":"Bilder von der Bunten Woche"},"content":{"rendered":"<p>Tja, das Spiel gegen Schwechat hat ja nicht unbedingt gro\u00dfe Freude bereitet (wobei bunt war&#8217;s auch &#8211; zumindest der Autor dieser Zeilen hat sich gr\u00fcn und blau ge\u00e4rgert), <\/p>\n<p>Anyhum, bunt war&#8217;s aber auch so &#8211; und das war in diesem Fall auch gut so:<br \/>\nHerzlichen Dank nochmal an alle, die sich an der <a href=\"http:\/\/www.friedhofstribuene.at\/wordpress\/?p=2853\" title=\"Bunte Friedhofstrib\u00fcne zum Ligastart\">Bunten Woche<\/a> beteiligt haben.<\/p>\n<p>Danke sch\u00f6n auch f\u00fcr die Bilder von unserer Beteiligung an dieser Aktion gegen Homophobie.<\/p>\nngg_shortcode_0_placeholder\n<p>Weitere Infos zur Initiative finden sich auf <a href=\"http:\/\/fussballfansgegenhomophobie.blogsport.de\/\" title=\"fussballfansgegenhomophobie.blogsport.de\" target=\"_blank\"><\/a><\/p>\n","protected":false},"excerpt":{"rendered":"<p>Tja, das Spiel gegen Schwechat hat ja nicht unbedingt gro\u00dfe Freude bereitet (wobei bunt war&#8217;s auch &#8211; zumindest der Autor dieser Zeilen hat sich gr\u00fcn und blau ge\u00e4rgert), Anyhum, bunt war&#8217;s aber auch so &#8211; und das war in diesem &hellip; <a href=\"https:\/\/www.friedhofstribuene.at\/wordpress\/bilder-von-der-bunten-woche\/\">Weiterlesen <span class=\"meta-nav\">&rarr;<\/span><\/a><\/p>\n","protected":false},"author":2,"featured_media":0,"comment_status":"closed","ping_status":"open","sticky":false,"template":"","format":"standard","meta":{"ngg_post_thumbnail":0,"footnotes":""},"categories":[1,22,3,128],"tags":[137,135],"class_list":["post-2874","post","type-post","status-publish","format-standard","hentry","category-allgemein","category-fussball","category-kultur","category-veranstaltungen","tag-bunte-woche","tag-fussballfans-gegen-homophobie"],"_links":{"self":[{"href":"https:\/\/www.friedhofstribuene.at\/wordpress\/wp-json\/wp\/v2\/posts\/2874","targetHints":{"allow":["GET"]}}],"collection":[{"href":"https:\/\/www.friedhofstribuene.at\/wordpress\/wp-json\/wp\/v2\/posts"}],"about":[{"href":"https:\/\/www.friedhofstribuene.at\/wordpress\/wp-json\/wp\/v2\/types\/post"}],"author":[{"embeddable":true,"href":"https:\/\/www.friedhofstribuene.at\/wordpress\/wp-json\/wp\/v2\/users\/2"}],"replies":[{"embeddable":true,"href":"https:\/\/www.friedhofstribuene.at\/wordpress\/wp-json\/wp\/v2\/comments?post=2874"}],"version-history":[{"count":3,"href":"https:\/\/www.friedhofstribuene.at\/wordpress\/wp-json\/wp\/v2\/posts\/2874\/revisions"}],"predecessor-version":[{"id":2878,"href":"https:\/\/www.friedhofstribuene.at\/wordpress\/wp-json\/wp\/v2\/posts\/2874\/revisions\/2878"}],"wp:attachment":[{"href":"https:\/\/www.friedhofstribuene.at\/wordpress\/wp-json\/wp\/v2\/media?parent=2874"}],"wp:term":[{"taxonomy":"category","embeddable":true,"href":"https:\/\/www.friedhofstribuene.at\/wordpress\/wp-json\/wp\/v2\/categories?post=2874"},{"taxonomy":"post_tag","embeddable":true,"href":"https:\/\/www.friedhofstribuene.at\/wordpress\/wp-json\/wp\/v2\/tags?post=2874"}],"curies":[{"name":"wp","href":"https:\/\/api.w.org\/{rel}","templated":true}]}}