{"id":2889,"date":"2014-03-10T19:46:21","date_gmt":"2014-03-10T17:46:21","guid":{"rendered":"http:\/\/www.friedhofstribuene.at\/wordpress\/?p=2889"},"modified":"2014-03-12T11:48:10","modified_gmt":"2014-03-12T09:48:10","slug":"auswaertsfahrt-zur-mondiali-antirazzisti-2014","status":"publish","type":"post","link":"https:\/\/www.friedhofstribuene.at\/wordpress\/auswaertsfahrt-zur-mondiali-antirazzisti-2014\/","title":{"rendered":"Ausw\u00e4rtsfahrt zur Mondiali Antirazzisti 2014!"},"content":{"rendered":"<p>Nach mehrj\u00e4hriger Absenz ist es heuer wieder soweit &#8211; <strong>wir fahren zur <a title=\"Mondiali Antirazzisti\" href=\"http:\/\/www.mondialiantirazzisti.org\/new\/?lang=de\" target=\"_blank\">Mondiali Antirazzisti<\/a><\/strong> nach Italien und stellen dort als Team Friedhofstrib\u00fcne unser fu\u00dfballerisches K\u00f6nnen unter Beweis.<\/p>\n<p>Die Mondiali findet vom <strong>02.07.2014 bis 06.07.2014 in Castelfranco Emilia<\/strong> (zwischen Bologna und Modena gelegen) statt. Diverse Infos zur Veranstaltung sind auch unter <a title=\"MONDIALI ANTIRAZZISTI\" href=\"http:\/\/www.mondialiantirazzisti.org\/new\/?lang=de\" target=\"_blank\">HIER<\/a> zu finden.<\/p>\n<p><strong>Wir machen sogar einen eigenen Autobus (50 Sitzer) dorthin:<br \/>\nKOMMET ZAHLREICH \u2013 FAHRT ALLE MIT!!!<\/strong><\/p>\n<p>Die Eckdaten lauten wie folgt:<\/p>\n<p><strong>HIN<\/strong>:<br \/>\nAbfahrt 01.07.2014 (Dienstag) um 23.45 Uhr von der Alszeile<br \/>\nAnkunft am 02.07.2014 um cirka 12.00 Uhr in Castelfranco Emilia<\/p>\n<p><strong>RETOUR<\/strong>:<br \/>\nAbfahrt 07.07.2014 (Montag) um 12.00 Uhr von Castelfranco Emilia<br \/>\nAnkunft am 07.07.2014 um cirka 24.00 Uhr in der Alszeile<\/p>\n<p>Der <strong>Fahrpreis<\/strong> (Hin+Zur\u00fcck) betr\u00e4gt<strong> \u20ac 70,&#8211; je Person<\/strong>.<\/p>\n<p>An dieser Stelle sei hinzugef\u00fcgt, das diese Reise von unserem gesch\u00e4tzten Herrn Common ziemlich kr\u00e4ftig gesponsert wird, anders w\u00e4re dieser doch sehr g\u00fcnstige Fahrpreis nicht m\u00f6glich. Somit sei an dieser Stelle, auch im Sinne der Fairness h\u00f6flich gebeten, m\u00f6glichst zahlreich an dieser Fahrt teilzunehmen und zu mobilisieren sowie f\u00fcr die Teilnahme an dieser Fahrt zu werben, um eine Teilnehmer\/innenzahl von zumindest rund 30 Personen erreichen zu k\u00f6nnen.<\/p>\n<p><strong>Wurscht, ob ihr selbst dort aktiv mitkicken wollt oder \u201enur\u201c zuschauen (oder uns anfeuern *g*) \u2013 das Motto lautet \u201eAuf zur Mondiali 2014 (per Bus)\u201c!<\/strong><\/p>\n<p>Auf Wunsch des Initiators und Sponsors (Danke Dir \u00fcbrigens sehr herzlich, lieber Common) wird die Reiseleitung hierf\u00fcr ausnahmsweise durch den Markus durchgef\u00fchrt.<\/p>\n<p>Anmeldungen daher bitte an <a title=\"kubanek@sonnek.com\" href=\"mailto:kubanek@sonnek.com\" target=\"_blank\">kubanek@sonnek.com<\/a> schicken, \u00fcber Facebook in der <a title=\"FHT auf facebook\" href=\"https:\/\/www.facebook.com\/groups\/280958257401\/\" target=\"_blank\">FHT-Gruppe<\/a> (bitte den Thread vom 23.11.13 raussuchen) oder auf der entsprechenden <a href=\"https:\/\/www.facebook.com\/events\/360903604011951\/\" title=\"mondiali 2014 - FHT\" target=\"_blank\">Facebook Veranstaltung<\/a> &#8211; oder aber dem Markus im Zuge der n\u00e4chsten Spiele das Interesse ganz einfach pers\u00f6nlich wie verbal bekunden.<\/p>\n<p>Vielen Dank im Voraus!<\/p>\n<p>Mit lieben Gr\u00fc\u00dfen<\/p>\n<p>Freund\/Innen der Friedhofstrib\u00fcne<\/p>\n","protected":false},"excerpt":{"rendered":"<p>Nach mehrj\u00e4hriger Absenz ist es heuer wieder soweit &#8211; wir fahren zur Mondiali Antirazzisti nach Italien und stellen dort als Team Friedhofstrib\u00fcne unser fu\u00dfballerisches K\u00f6nnen unter Beweis. Die Mondiali findet vom 02.07.2014 bis 06.07.2014 in Castelfranco Emilia (zwischen Bologna und &hellip; <a href=\"https:\/\/www.friedhofstribuene.at\/wordpress\/auswaertsfahrt-zur-mondiali-antirazzisti-2014\/\">Weiterlesen <span class=\"meta-nav\">&rarr;<\/span><\/a><\/p>\n","protected":false},"author":2,"featured_media":0,"comment_status":"closed","ping_status":"open","sticky":false,"template":"","format":"standard","meta":{"ngg_post_thumbnail":0,"footnotes":""},"categories":[10],"tags":[138,139],"class_list":["post-2889","post","type-post","status-publish","format-standard","hentry","category-fht-on-tour","tag-common-feiert","tag-mondiali-antirazzisti-2014"],"_links":{"self":[{"href":"https:\/\/www.friedhofstribuene.at\/wordpress\/wp-json\/wp\/v2\/posts\/2889","targetHints":{"allow":["GET"]}}],"collection":[{"href":"https:\/\/www.friedhofstribuene.at\/wordpress\/wp-json\/wp\/v2\/posts"}],"about":[{"href":"https:\/\/www.friedhofstribuene.at\/wordpress\/wp-json\/wp\/v2\/types\/post"}],"author":[{"embeddable":true,"href":"https:\/\/www.friedhofstribuene.at\/wordpress\/wp-json\/wp\/v2\/users\/2"}],"replies":[{"embeddable":true,"href":"https:\/\/www.friedhofstribuene.at\/wordpress\/wp-json\/wp\/v2\/comments?post=2889"}],"version-history":[{"count":3,"href":"https:\/\/www.friedhofstribuene.at\/wordpress\/wp-json\/wp\/v2\/posts\/2889\/revisions"}],"predecessor-version":[{"id":2899,"href":"https:\/\/www.friedhofstribuene.at\/wordpress\/wp-json\/wp\/v2\/posts\/2889\/revisions\/2899"}],"wp:attachment":[{"href":"https:\/\/www.friedhofstribuene.at\/wordpress\/wp-json\/wp\/v2\/media?parent=2889"}],"wp:term":[{"taxonomy":"category","embeddable":true,"href":"https:\/\/www.friedhofstribuene.at\/wordpress\/wp-json\/wp\/v2\/categories?post=2889"},{"taxonomy":"post_tag","embeddable":true,"href":"https:\/\/www.friedhofstribuene.at\/wordpress\/wp-json\/wp\/v2\/tags?post=2889"}],"curies":[{"name":"wp","href":"https:\/\/api.w.org\/{rel}","templated":true}]}}