{"id":3375,"date":"2014-11-14T08:17:45","date_gmt":"2014-11-14T06:17:45","guid":{"rendered":"http:\/\/www.friedhofstribuene.at\/wordpress\/?p=3375"},"modified":"2014-11-14T09:47:31","modified_gmt":"2014-11-14T07:47:31","slug":"ute-bock-cup-2015-gemmas-wieder-an-festl-am-21-11","status":"publish","type":"post","link":"https:\/\/www.friedhofstribuene.at\/wordpress\/ute-bock-cup-2015-gemmas-wieder-an-festl-am-21-11\/","title":{"rendered":"Ute Bock Cup 2015 &#8222;Gemma&#8217;s wieder an&#8220; Festl am 21.11.!"},"content":{"rendered":"<p><img decoding=\"async\" class=\"aligncenter\" src=\"https:\/\/scontent-a-fra.xx.fbcdn.net\/hphotos-xaf1\/v\/t1.0-9\/27156_585135481498043_547122564_n.jpg?oh=836ecbdc8a3fcde54f728db5e7842c79&amp;oe=54E5249F\" alt=\"\" width=\"60%\/\" \/><br \/>\nDer Ute Bock Cup 2014 war ein voller Erfolg und die Vorbereitungen f\u00fcrs n\u00e4chste Jahr laufen bereits.<\/p>\n<p>Doch jetzt ist an der Zeit \u201eDanke\u201c zu sagen. Danke, an alle die beim heurigen UBC Cup mitgeholfen, mitgespielt und mitgewirkt haben. Ohne euch w\u00e4re das Event nicht so sch\u00f6n und erfolgreich geworden und wir hoffen auch beim n\u00e4chsten UBC wieder auf eure Unterst\u00fctzung.<!--more--><\/p>\n<p><img decoding=\"async\" class=\"aligncenter\" src=\"https:\/\/scontent-b-fra.xx.fbcdn.net\/hphotos-xfp1\/v\/t1.0-9\/1782133_895626383782283_7573287451348278768_n.jpg?oh=1324f6641405b26369bd4166f9e5b197&amp;oe=54E34A5E\" alt=\"\" width=\"75%\/\" \/><\/p>\n<p>Doch zuerst wird bei der <strong>Kick-Off Party f\u00fcr den Ute Bock Cup 2015<\/strong> gefeiert:<\/p>\n<p><strong>Wann? Freitag, 21.11.2014 &#8211; 19.30<\/strong><br \/>\n<strong> Wo? im AU &#8211; und das befindet sich in der Brunnengasse 76, 1160 Wien<\/strong><\/p>\n<p>Freut euch auf folgendes DJ-line-up:<\/p>\n<p>* Waka<br \/>\n* Tschisos double D<br \/>\n* Ebudspenc<\/p>\n<p>Alle, die gemeinsam den Cup 2014 Revue passieren lassen oder etwas zum UBC 2015 beitragen wollen, sind herzlich eingeladen vorbeizuschauen!<br \/>\nWir freuen uns auf Euch!<\/p>\n<p><a href=\"http:\/\/www.utebockcup.at\" target=\"_blank\">www.utebockcup.at<\/a><br \/>\n<a href=\"http:\/\/www.fraubock.at\" target=\"_blank\">www.fraubock.at<\/a><br \/>\n<a href=\"https:\/\/www.facebook.com\/UteBockCup\" target=\"_blank\">www.facebook.com\/UteBockCup<\/a><\/p>\n","protected":false},"excerpt":{"rendered":"<p>Der Ute Bock Cup 2014 war ein voller Erfolg und die Vorbereitungen f\u00fcrs n\u00e4chste Jahr laufen bereits. Doch jetzt ist an der Zeit \u201eDanke\u201c zu sagen. Danke, an alle die beim heurigen UBC Cup mitgeholfen, mitgespielt und mitgewirkt haben. Ohne &hellip; <a href=\"https:\/\/www.friedhofstribuene.at\/wordpress\/ute-bock-cup-2015-gemmas-wieder-an-festl-am-21-11\/\">Weiterlesen <span class=\"meta-nav\">&rarr;<\/span><\/a><\/p>\n","protected":false},"author":2,"featured_media":0,"comment_status":"closed","ping_status":"open","sticky":false,"template":"","format":"standard","meta":{"ngg_post_thumbnail":0,"footnotes":""},"categories":[151,8,9],"tags":[],"class_list":["post-3375","post","type-post","status-publish","format-standard","hentry","category-gesellschaftliche-anliegen","category-theflag","category-ute-bock-cup"],"_links":{"self":[{"href":"https:\/\/www.friedhofstribuene.at\/wordpress\/wp-json\/wp\/v2\/posts\/3375","targetHints":{"allow":["GET"]}}],"collection":[{"href":"https:\/\/www.friedhofstribuene.at\/wordpress\/wp-json\/wp\/v2\/posts"}],"about":[{"href":"https:\/\/www.friedhofstribuene.at\/wordpress\/wp-json\/wp\/v2\/types\/post"}],"author":[{"embeddable":true,"href":"https:\/\/www.friedhofstribuene.at\/wordpress\/wp-json\/wp\/v2\/users\/2"}],"replies":[{"embeddable":true,"href":"https:\/\/www.friedhofstribuene.at\/wordpress\/wp-json\/wp\/v2\/comments?post=3375"}],"version-history":[{"count":4,"href":"https:\/\/www.friedhofstribuene.at\/wordpress\/wp-json\/wp\/v2\/posts\/3375\/revisions"}],"predecessor-version":[{"id":3380,"href":"https:\/\/www.friedhofstribuene.at\/wordpress\/wp-json\/wp\/v2\/posts\/3375\/revisions\/3380"}],"wp:attachment":[{"href":"https:\/\/www.friedhofstribuene.at\/wordpress\/wp-json\/wp\/v2\/media?parent=3375"}],"wp:term":[{"taxonomy":"category","embeddable":true,"href":"https:\/\/www.friedhofstribuene.at\/wordpress\/wp-json\/wp\/v2\/categories?post=3375"},{"taxonomy":"post_tag","embeddable":true,"href":"https:\/\/www.friedhofstribuene.at\/wordpress\/wp-json\/wp\/v2\/tags?post=3375"}],"curies":[{"name":"wp","href":"https:\/\/api.w.org\/{rel}","templated":true}]}}