{"id":3445,"date":"2015-02-05T14:08:37","date_gmt":"2015-02-05T12:08:37","guid":{"rendered":"http:\/\/www.friedhofstribuene.at\/wordpress\/?p=3445"},"modified":"2015-02-05T14:09:26","modified_gmt":"2015-02-05T12:09:26","slug":"r-i-p-harald","status":"publish","type":"post","link":"https:\/\/www.friedhofstribuene.at\/wordpress\/r-i-p-harald\/","title":{"rendered":"R.I.P Harald"},"content":{"rendered":"<p>Seit Kindheitstagen Sportclubfan, seit Jahrzehnten Besucher von Fu\u00dfballspielen an der Alszeil: am vergangenen Montag\u00a0zur Mittagszeit verstarb Harald v\u00f6llig unerwartet und viel zu fr\u00fch.<\/p>\n<p><a href=\"http:\/\/www.friedhofstribuene.at\/wordpress\/wp-content\/uploads\/2015\/02\/IMG-20150203-WA0001.jpg\"><img loading=\"lazy\" decoding=\"async\" class=\"aligncenter size-medium wp-image-3449\" src=\"http:\/\/www.friedhofstribuene.at\/wordpress\/wp-content\/uploads\/2015\/02\/IMG-20150203-WA0001-180x300.jpg\" alt=\"IMG-20150203-WA0001\" width=\"180\" height=\"300\" srcset=\"https:\/\/www.friedhofstribuene.at\/wordpress\/wp-content\/uploads\/2015\/02\/IMG-20150203-WA0001-180x300.jpg 180w, https:\/\/www.friedhofstribuene.at\/wordpress\/wp-content\/uploads\/2015\/02\/IMG-20150203-WA0001-614x1024.jpg 614w, https:\/\/www.friedhofstribuene.at\/wordpress\/wp-content\/uploads\/2015\/02\/IMG-20150203-WA0001.jpg 768w\" sizes=\"auto, (max-width: 180px) 100vw, 180px\" \/><\/a><\/p>\n<p>Das Foto wurde erst vor wenigen Wochen im Zuge eines Beisammenseins in einer Dornbacher Lokalit\u00e4t gemacht. Und genauso werden wir Dich auch in Erinnerung behalten, Lustig, Freundlich, umg\u00e4nglich und stets gut gelaunt \u2013 ganz einfach als ein Teil von uns.<br \/>\nUnsere Anteilnahme und unser besonderes Mitgef\u00fchl gilt der Familie und dem Freundeskreis.<\/p>\n<p><strong>Everywhere you go \u2013 always take the Sportclub with you!<\/strong><\/p>\n<p>Freund\/Innen der Friedhofstrib\u00fcne<\/p>\n","protected":false},"excerpt":{"rendered":"<p>Seit Kindheitstagen Sportclubfan, seit Jahrzehnten Besucher von Fu\u00dfballspielen an der Alszeil: am vergangenen Montag\u00a0zur Mittagszeit verstarb Harald v\u00f6llig unerwartet und viel zu fr\u00fch. Das Foto wurde erst vor wenigen Wochen im Zuge eines Beisammenseins in einer Dornbacher Lokalit\u00e4t gemacht. Und &hellip; <a href=\"https:\/\/www.friedhofstribuene.at\/wordpress\/r-i-p-harald\/\">Weiterlesen <span class=\"meta-nav\">&rarr;<\/span><\/a><\/p>\n","protected":false},"author":2,"featured_media":0,"comment_status":"closed","ping_status":"open","sticky":false,"template":"","format":"standard","meta":{"ngg_post_thumbnail":0,"footnotes":""},"categories":[1],"tags":[],"class_list":["post-3445","post","type-post","status-publish","format-standard","hentry","category-allgemein"],"_links":{"self":[{"href":"https:\/\/www.friedhofstribuene.at\/wordpress\/wp-json\/wp\/v2\/posts\/3445","targetHints":{"allow":["GET"]}}],"collection":[{"href":"https:\/\/www.friedhofstribuene.at\/wordpress\/wp-json\/wp\/v2\/posts"}],"about":[{"href":"https:\/\/www.friedhofstribuene.at\/wordpress\/wp-json\/wp\/v2\/types\/post"}],"author":[{"embeddable":true,"href":"https:\/\/www.friedhofstribuene.at\/wordpress\/wp-json\/wp\/v2\/users\/2"}],"replies":[{"embeddable":true,"href":"https:\/\/www.friedhofstribuene.at\/wordpress\/wp-json\/wp\/v2\/comments?post=3445"}],"version-history":[{"count":4,"href":"https:\/\/www.friedhofstribuene.at\/wordpress\/wp-json\/wp\/v2\/posts\/3445\/revisions"}],"predecessor-version":[{"id":3451,"href":"https:\/\/www.friedhofstribuene.at\/wordpress\/wp-json\/wp\/v2\/posts\/3445\/revisions\/3451"}],"wp:attachment":[{"href":"https:\/\/www.friedhofstribuene.at\/wordpress\/wp-json\/wp\/v2\/media?parent=3445"}],"wp:term":[{"taxonomy":"category","embeddable":true,"href":"https:\/\/www.friedhofstribuene.at\/wordpress\/wp-json\/wp\/v2\/categories?post=3445"},{"taxonomy":"post_tag","embeddable":true,"href":"https:\/\/www.friedhofstribuene.at\/wordpress\/wp-json\/wp\/v2\/tags?post=3445"}],"curies":[{"name":"wp","href":"https:\/\/api.w.org\/{rel}","templated":true}]}}