{"id":3483,"date":"2015-03-06T16:27:16","date_gmt":"2015-03-06T14:27:16","guid":{"rendered":"http:\/\/www.friedhofstribuene.at\/wordpress\/?p=3483"},"modified":"2015-03-06T16:29:47","modified_gmt":"2015-03-06T14:29:47","slug":"jugoslav-je-jugoslav-auch-2015","status":"publish","type":"post","link":"https:\/\/www.friedhofstribuene.at\/wordpress\/jugoslav-je-jugoslav-auch-2015\/","title":{"rendered":"Jugoslav je Jugoslav &#8211; auch 2015"},"content":{"rendered":"<p>Am 06.11.2014 stand im Flag das Theaterst\u00fcck \u00a0\u201eJugoslav je Jugoslav\u201c der Grazer Theatergenossenschaft auf dem Programm (siehe auch <a title=\"Jugoslav je jugoslav\" href=\"http:\/\/www.friedhofstribuene.at\/wordpress\/jugoslav-je-jugoslav-des-lebm-is-ajne-rajse-oda-da-fusbal-rold\/\" target=\"_blank\">HIER<\/a>).<\/p>\n<p>Stefan Pawlata erz\u00e4hlte auf sehr eindrucksvolle Weise \u00fcber seine Familiengeschichte sowie die begnadeten Kicker des heute nicht mehr existenten Balkanstaates.<br \/>\nDieses absolut empfehlenswerte St\u00fcck geht in die n\u00e4chste Runde und wird auch im M\u00e4rz und April zu sehen sein.<\/p>\n<p>Aufgrund der durchwegs positiven Reaktionen zur Auff\u00fchrung im Flag m\u00f6chten wir euch das\u00a0an\u00a0uns gerichtete Schreiben des Hauptdarstellers Stefan Pawlata nicht vorenthalten.<\/p>\n<p>Mit lieben Gr\u00fc\u00dfen<\/p>\n<p>Freund\/Innen der Friedhofstrib\u00fcne<!--more--><\/p>\n<p><em>Liebe alle,<\/em><\/p>\n<p><em>nach dem Fr\u00fchjahrsauftakt geht &#8222;Jugoslav je Jugoslav&#8220; in die n\u00e4chsten Runden. Die Vogerl zwitschern, drau\u00dfen wirds langsam Fr\u00fchling, drinnen erz\u00e4hlt und singt Darko Begic \u00fcber seine 101j\u00e4hrige Familiengeschichte, den Anfang und das Ende von Jugoslawien, und \u00fcber die begnadeten Kicker des Balkans.<\/em><\/p>\n<p><em><strong><span style=\"text-decoration: underline;\">Die kommenden Vorstellungen&#8230;<\/span><\/strong><\/em><\/p>\n<p><em>6.3.2015, um 19.30h:\u00a0<strong>Salzburg<\/strong>, im Caf\u00e9 Shakespeare .<\/em><br \/>\n<em>11.3.2015, um 19.00h:\u00a0<strong>Leibnitz<\/strong>, im Retzhof.<\/em><br \/>\n<em>13.3.2015, um 18.30h:\u00a0<strong>Laafeld\u00a0<\/strong>(<strong>Radkersburg<\/strong>), im Pavelhaus.<\/em><br \/>\n<em>24.3.2015, um 19.30h:\u00a0<strong>Wien<\/strong>, im AVALON.Kultur<\/em><\/p>\n<p><em>Am 15.4. und 16.4. folgen Vorstellungen in der Kreuzkirche am Volksgarten in\u00a0<strong>Graz<\/strong>, am 18.4. in der\u00a0<strong>Wien<\/strong>er Brunnenpassage. Und im Mai gibts Spiele in Gleisdorf und wieder in Graz. Aber mehr dann, wenn drau\u00dfen der Winter entg\u00fcltig gewichen ist.<\/em><\/p>\n<p><em>Infos und Karten gibts \u00fcber die Darko-Hotline: 0681\/81464901 oder \u00fcber\u00a0<a href=\"mailto:office@theatergenossenschaft.com\">office@theatergenossenschaft.com<\/a>. <\/em><\/p>\n<p><em>Ich freue mich \u00fcber Reservierungen und gerne sind alle Infos zum Weiterleiten<\/em><\/p>\n<p><em><strong>Abschlie\u00dfend:<\/strong><\/em><\/p>\n<p><em>Mehr zum St\u00fcck gibts jetzt auf youtube:\u00a0<\/em><\/p>\n<ul>\n<li><em>Der Beitrag von Ende J\u00e4nner auf OktoTV, &#8222;Dijaspora Uzivo&#8220;:<a href=\"https:\/\/www.youtube.com\/watch?v=V59yAGhEamo\">https:\/\/www.youtube.com\/watch?v=V59yAGhEamo<\/a><\/em><\/li>\n<li><em>Und ganz aktuell, neu und entstanden&#8230;der Trailer:\u00a0<span style=\"text-decoration: underline;\"><a href=\"https:\/\/www.youtube.com\/watch?v=0DB8OQS33fs&amp;feature=youtu.be\">https:\/\/www.youtube.com\/watch?v=0DB8OQS33fs&amp;feature=youtu.be<\/a>\u00a0<\/span><\/em><\/li>\n<\/ul>\n<p><em>In \u00d6sterreich beginnt der Balkan.<\/em><\/p>\n<p><em>Vidimo se, viele liebe Gr\u00fc\u00dfe,<\/em><\/p>\n<p><em>Stefan<\/em><\/p>\n<p><a title=\"Theatergenossenschaft\" href=\"http:\/\/www.theatergenossenschaft.com\" target=\"_blank\"><img decoding=\"async\" class=\" aligncenter\" src=\"http:\/\/i.ytimg.com\/vi\/LSURlnhQ4S4\/hqdefault.jpg\" alt=\"\" \/><\/a><\/p>\n","protected":false},"excerpt":{"rendered":"<p>Am 06.11.2014 stand im Flag das Theaterst\u00fcck \u00a0\u201eJugoslav je Jugoslav\u201c der Grazer Theatergenossenschaft auf dem Programm (siehe auch HIER). Stefan Pawlata erz\u00e4hlte auf sehr eindrucksvolle Weise \u00fcber seine Familiengeschichte sowie die begnadeten Kicker des heute nicht mehr existenten Balkanstaates. Dieses &hellip; <a href=\"https:\/\/www.friedhofstribuene.at\/wordpress\/jugoslav-je-jugoslav-auch-2015\/\">Weiterlesen <span class=\"meta-nav\">&rarr;<\/span><\/a><\/p>\n","protected":false},"author":2,"featured_media":0,"comment_status":"closed","ping_status":"open","sticky":false,"template":"","format":"standard","meta":{"ngg_post_thumbnail":0,"footnotes":""},"categories":[3,128],"tags":[177,179,178],"class_list":["post-3483","post","type-post","status-publish","format-standard","hentry","category-kultur","category-veranstaltungen","tag-jugoslav-je-jugoslav","tag-stefan-pawlata","tag-theater"],"_links":{"self":[{"href":"https:\/\/www.friedhofstribuene.at\/wordpress\/wp-json\/wp\/v2\/posts\/3483","targetHints":{"allow":["GET"]}}],"collection":[{"href":"https:\/\/www.friedhofstribuene.at\/wordpress\/wp-json\/wp\/v2\/posts"}],"about":[{"href":"https:\/\/www.friedhofstribuene.at\/wordpress\/wp-json\/wp\/v2\/types\/post"}],"author":[{"embeddable":true,"href":"https:\/\/www.friedhofstribuene.at\/wordpress\/wp-json\/wp\/v2\/users\/2"}],"replies":[{"embeddable":true,"href":"https:\/\/www.friedhofstribuene.at\/wordpress\/wp-json\/wp\/v2\/comments?post=3483"}],"version-history":[{"count":3,"href":"https:\/\/www.friedhofstribuene.at\/wordpress\/wp-json\/wp\/v2\/posts\/3483\/revisions"}],"predecessor-version":[{"id":3486,"href":"https:\/\/www.friedhofstribuene.at\/wordpress\/wp-json\/wp\/v2\/posts\/3483\/revisions\/3486"}],"wp:attachment":[{"href":"https:\/\/www.friedhofstribuene.at\/wordpress\/wp-json\/wp\/v2\/media?parent=3483"}],"wp:term":[{"taxonomy":"category","embeddable":true,"href":"https:\/\/www.friedhofstribuene.at\/wordpress\/wp-json\/wp\/v2\/categories?post=3483"},{"taxonomy":"post_tag","embeddable":true,"href":"https:\/\/www.friedhofstribuene.at\/wordpress\/wp-json\/wp\/v2\/tags?post=3483"}],"curies":[{"name":"wp","href":"https:\/\/api.w.org\/{rel}","templated":true}]}}