{"id":3744,"date":"2015-07-18T08:18:03","date_gmt":"2015-07-18T06:18:03","guid":{"rendered":"http:\/\/www.friedhofstribuene.at\/wordpress\/?p=3744"},"modified":"2015-07-18T08:19:16","modified_gmt":"2015-07-18T06:19:16","slug":"19-9-neusiedl","status":"publish","type":"post","link":"https:\/\/www.friedhofstribuene.at\/wordpress\/19-9-neusiedl\/","title":{"rendered":"Arrrrrr, am 19.9. stechen wir zur Beutefahrt nach Neusiedl in See"},"content":{"rendered":"<p>Am 19.9 entern wir den NSC.<br \/>\nAb 13:00 Uhr bringt uns die Gro\u00dfdroschke von der Alszeile 19 nach M\u00f6rbisch!<br \/>\nUm 15:00 Uhr sticht unser Schiff von M\u00f6rbisch, in Richtung Neusiedl, in See.<!--more--><\/p>\n<p>Geplante Ankunft 17:00 Uhr!<br \/>\nSpielbeginn 18:00 Uhr<\/p>\n<p>Eine Droschke wird wieder fr\u00fcher die Heimreise antreten, n\u00e4mlich ca. 15-30 min nach Spielende.<br \/>\nDie andere Droschke wird gegen 23:00 Uhr das Stadion verlassen.<br \/>\nDas inklusiv Piraten Paket (Bus+Schiff) kostet \u20ac 35.- Goldst\u00fccke!<\/p>\n<p>Man kann sich hier nicht anmelden bzw. reservieren!<br \/>\nEs werden Tickets nach dem First Come, First Serve Prinzip verkauft, sprich f\u00fcr Kohle gibt&#8217;s Tickets.<br \/>\nDie Tickets werden in den n\u00e4chsten Wochen in den Verkauf kommen, n\u00e4here Infos folgen noch.<br \/>\nDas Schiff ist nur f\u00fcr 150 Piraten und Piratinnen zugelassen.<\/p>\n<p>Arrrrggghhhh beim Klabautermann\/frau das wird ne Sause!<br \/>\nPS. Piraten\/Papageien\/Rumfass etc. Verkleidungen sind ausdr\u00fccklich erw\u00fcnscht!<\/p>\n","protected":false},"excerpt":{"rendered":"<p>Am 19.9 entern wir den NSC. Ab 13:00 Uhr bringt uns die Gro\u00dfdroschke von der Alszeile 19 nach M\u00f6rbisch! Um 15:00 Uhr sticht unser Schiff von M\u00f6rbisch, in Richtung Neusiedl, in See.<\/p>\n","protected":false},"author":2,"featured_media":0,"comment_status":"closed","ping_status":"open","sticky":false,"template":"","format":"standard","meta":{"ngg_post_thumbnail":0,"footnotes":""},"categories":[10],"tags":[182],"class_list":["post-3744","post","type-post","status-publish","format-standard","hentry","category-fht-on-tour","tag-neusiedl"],"_links":{"self":[{"href":"https:\/\/www.friedhofstribuene.at\/wordpress\/wp-json\/wp\/v2\/posts\/3744","targetHints":{"allow":["GET"]}}],"collection":[{"href":"https:\/\/www.friedhofstribuene.at\/wordpress\/wp-json\/wp\/v2\/posts"}],"about":[{"href":"https:\/\/www.friedhofstribuene.at\/wordpress\/wp-json\/wp\/v2\/types\/post"}],"author":[{"embeddable":true,"href":"https:\/\/www.friedhofstribuene.at\/wordpress\/wp-json\/wp\/v2\/users\/2"}],"replies":[{"embeddable":true,"href":"https:\/\/www.friedhofstribuene.at\/wordpress\/wp-json\/wp\/v2\/comments?post=3744"}],"version-history":[{"count":3,"href":"https:\/\/www.friedhofstribuene.at\/wordpress\/wp-json\/wp\/v2\/posts\/3744\/revisions"}],"predecessor-version":[{"id":3747,"href":"https:\/\/www.friedhofstribuene.at\/wordpress\/wp-json\/wp\/v2\/posts\/3744\/revisions\/3747"}],"wp:attachment":[{"href":"https:\/\/www.friedhofstribuene.at\/wordpress\/wp-json\/wp\/v2\/media?parent=3744"}],"wp:term":[{"taxonomy":"category","embeddable":true,"href":"https:\/\/www.friedhofstribuene.at\/wordpress\/wp-json\/wp\/v2\/categories?post=3744"},{"taxonomy":"post_tag","embeddable":true,"href":"https:\/\/www.friedhofstribuene.at\/wordpress\/wp-json\/wp\/v2\/tags?post=3744"}],"curies":[{"name":"wp","href":"https:\/\/api.w.org\/{rel}","templated":true}]}}