{"id":3748,"date":"2015-07-21T20:37:16","date_gmt":"2015-07-21T18:37:16","guid":{"rendered":"http:\/\/www.friedhofstribuene.at\/wordpress\/?p=3748"},"modified":"2015-07-21T20:40:44","modified_gmt":"2015-07-21T18:40:44","slug":"retz-away-am-25-7","status":"publish","type":"post","link":"https:\/\/www.friedhofstribuene.at\/wordpress\/retz-away-am-25-7\/","title":{"rendered":"Retz Away: am 25.7.!"},"content":{"rendered":"<p>Auf geht&#8217;s nach Retz (eine wirklich empfehlenswerte Ausw\u00e4rtsdestination!)<\/p>\n<p><strong>Treffpunkt<\/strong>: 11:45 Uhr Floridsdorf<br \/>\n<strong>Abfahrt<\/strong>: 12:11 Uhr mit dem R 2230<br \/>\n<strong>Ankunft<\/strong>: 13:12 Uhr<\/p>\n<p>Die Freizeitm\u00f6glichkeiten in Retz sind gegeben.<\/p>\n<p>z.B: 14:00 Uhr <a href=\"http:\/\/www.retz.gv.at\/system\/web\/zusatzseite.aspx?menuonr=224846100&amp;detailonr=185187\" target=\"_blank\">Weinkellerf\u00fchrung<br \/>\n<\/a>oder <a href=\"http:\/\/www.retz.gv.at\/system\/web\/gemeindebetrieb.aspx?menuonr=221794738&amp;detailonr=39625061\" target=\"_blank\">Parkbad<br \/>\n<\/a>oder <a href=\"http:\/\/www.retz.gv.at\/system\/web\/zusatzseite.aspx?menuonr=224846096&amp;detailonr=185235\" target=\"_blank\">Windm\u00fchle<\/a><\/p>\n<p>ab 16 Uhr wird dann auch gespielt.<\/p>\n<p>nach dem Match geht es heiter weiter, es gibt eine &#8222;Bausteinverlosung&#8220;\u00a0mit Rahmenprogramm steht am Plan\u00a0und ab 21:00 Uhr Party im Stadion (<a href=\"http:\/\/www.sc-retz.at\/news.php?artid=172#01id172\" target=\"_blank\">www.sc-retz.at<\/a>).<\/p>\n","protected":false},"excerpt":{"rendered":"<p>Auf geht&#8217;s nach Retz (eine wirklich empfehlenswerte Ausw\u00e4rtsdestination!) Treffpunkt: 11:45 Uhr Floridsdorf Abfahrt: 12:11 Uhr mit dem R 2230 Ankunft: 13:12 Uhr Die Freizeitm\u00f6glichkeiten in Retz sind gegeben. z.B: 14:00 Uhr Weinkellerf\u00fchrung oder Parkbad oder Windm\u00fchle ab 16 Uhr wird &hellip; <a href=\"https:\/\/www.friedhofstribuene.at\/wordpress\/retz-away-am-25-7\/\">Weiterlesen <span class=\"meta-nav\">&rarr;<\/span><\/a><\/p>\n","protected":false},"author":2,"featured_media":0,"comment_status":"closed","ping_status":"open","sticky":false,"template":"","format":"standard","meta":{"ngg_post_thumbnail":0,"footnotes":""},"categories":[10],"tags":[224,200],"class_list":["post-3748","post","type-post","status-publish","format-standard","hentry","category-fht-on-tour","tag-fht-on-tour","tag-sc-retz"],"_links":{"self":[{"href":"https:\/\/www.friedhofstribuene.at\/wordpress\/wp-json\/wp\/v2\/posts\/3748","targetHints":{"allow":["GET"]}}],"collection":[{"href":"https:\/\/www.friedhofstribuene.at\/wordpress\/wp-json\/wp\/v2\/posts"}],"about":[{"href":"https:\/\/www.friedhofstribuene.at\/wordpress\/wp-json\/wp\/v2\/types\/post"}],"author":[{"embeddable":true,"href":"https:\/\/www.friedhofstribuene.at\/wordpress\/wp-json\/wp\/v2\/users\/2"}],"replies":[{"embeddable":true,"href":"https:\/\/www.friedhofstribuene.at\/wordpress\/wp-json\/wp\/v2\/comments?post=3748"}],"version-history":[{"count":2,"href":"https:\/\/www.friedhofstribuene.at\/wordpress\/wp-json\/wp\/v2\/posts\/3748\/revisions"}],"predecessor-version":[{"id":3750,"href":"https:\/\/www.friedhofstribuene.at\/wordpress\/wp-json\/wp\/v2\/posts\/3748\/revisions\/3750"}],"wp:attachment":[{"href":"https:\/\/www.friedhofstribuene.at\/wordpress\/wp-json\/wp\/v2\/media?parent=3748"}],"wp:term":[{"taxonomy":"category","embeddable":true,"href":"https:\/\/www.friedhofstribuene.at\/wordpress\/wp-json\/wp\/v2\/categories?post=3748"},{"taxonomy":"post_tag","embeddable":true,"href":"https:\/\/www.friedhofstribuene.at\/wordpress\/wp-json\/wp\/v2\/tags?post=3748"}],"curies":[{"name":"wp","href":"https:\/\/api.w.org\/{rel}","templated":true}]}}