{"id":3905,"date":"2015-11-04T19:03:03","date_gmt":"2015-11-04T17:03:03","guid":{"rendered":"http:\/\/www.friedhofstribuene.at\/wordpress\/?p=3905"},"modified":"2015-11-04T19:03:03","modified_gmt":"2015-11-04T17:03:03","slug":"und-am-samstag-zur-1b","status":"publish","type":"post","link":"https:\/\/www.friedhofstribuene.at\/wordpress\/und-am-samstag-zur-1b\/","title":{"rendered":"Und am Samstag zur 1B"},"content":{"rendered":"<p><strong>Sa., 7.11. &#8211; 16.00<\/strong><br \/>\n<strong> WSK 1B : Hellas Kagran<\/strong><br \/>\n<strong> TRZ Wiener SK (Erdbrustgasse 4-18, 1160 Wien)<\/strong><\/p>\n<p><a href=\"http:\/\/www.friedhofstribuene.at\/wordpress\/wp-content\/uploads\/2015\/11\/KeinPlatzfuerDiskriminierung.jpg\"><img loading=\"lazy\" decoding=\"async\" class=\"aligncenter size-full wp-image-3906\" src=\"http:\/\/www.friedhofstribuene.at\/wordpress\/wp-content\/uploads\/2015\/11\/KeinPlatzfuerDiskriminierung.jpg\" alt=\"KeinPlatzfuerDiskriminierung\" width=\"600\" height=\"315\" \/><\/a><\/p>\n<p>Wann, wenn nicht JETZT!<\/p>\n<p>Mit den Kagranern kommt nicht nur einfach eine Fu\u00dfballmannschaft zu Besuch, sondern auch menschenverachtendes Gedankengut, in Persona unter anderem durch Hellas-Pr\u00e4sident Martin Graf, ehemals dritter Nationalratspr\u00e4sident der FP\u00d6. So lasst uns ein Zeichen setzen:<\/p>\n<p>KEIN FUSSBALL DEN FASCHISTEN!<\/p>\n<p>Nebenbei freut sich die von uns leider allzu oft vernachl\u00e4ssigte 1B nat\u00fcrlich \u00fcber einen stimmintensiven Support!<\/p>\n<p><a href=\"https:\/\/www.facebook.com\/events\/1643667705915153\/\" target=\"_blank\">FACEBOOK<\/a><\/p>\n","protected":false},"excerpt":{"rendered":"<p>Sa., 7.11. &#8211; 16.00 WSK 1B : Hellas Kagran TRZ Wiener SK (Erdbrustgasse 4-18, 1160 Wien) Wann, wenn nicht JETZT! Mit den Kagranern kommt nicht nur einfach eine Fu\u00dfballmannschaft zu Besuch, sondern auch menschenverachtendes Gedankengut, in Persona unter anderem durch &hellip; <a href=\"https:\/\/www.friedhofstribuene.at\/wordpress\/und-am-samstag-zur-1b\/\">Weiterlesen <span class=\"meta-nav\">&rarr;<\/span><\/a><\/p>\n","protected":false},"author":2,"featured_media":0,"comment_status":"closed","ping_status":"open","sticky":false,"template":"","format":"standard","meta":{"ngg_post_thumbnail":0,"footnotes":""},"categories":[22,151],"tags":[],"class_list":["post-3905","post","type-post","status-publish","format-standard","hentry","category-fussball","category-gesellschaftliche-anliegen"],"_links":{"self":[{"href":"https:\/\/www.friedhofstribuene.at\/wordpress\/wp-json\/wp\/v2\/posts\/3905","targetHints":{"allow":["GET"]}}],"collection":[{"href":"https:\/\/www.friedhofstribuene.at\/wordpress\/wp-json\/wp\/v2\/posts"}],"about":[{"href":"https:\/\/www.friedhofstribuene.at\/wordpress\/wp-json\/wp\/v2\/types\/post"}],"author":[{"embeddable":true,"href":"https:\/\/www.friedhofstribuene.at\/wordpress\/wp-json\/wp\/v2\/users\/2"}],"replies":[{"embeddable":true,"href":"https:\/\/www.friedhofstribuene.at\/wordpress\/wp-json\/wp\/v2\/comments?post=3905"}],"version-history":[{"count":1,"href":"https:\/\/www.friedhofstribuene.at\/wordpress\/wp-json\/wp\/v2\/posts\/3905\/revisions"}],"predecessor-version":[{"id":3907,"href":"https:\/\/www.friedhofstribuene.at\/wordpress\/wp-json\/wp\/v2\/posts\/3905\/revisions\/3907"}],"wp:attachment":[{"href":"https:\/\/www.friedhofstribuene.at\/wordpress\/wp-json\/wp\/v2\/media?parent=3905"}],"wp:term":[{"taxonomy":"category","embeddable":true,"href":"https:\/\/www.friedhofstribuene.at\/wordpress\/wp-json\/wp\/v2\/categories?post=3905"},{"taxonomy":"post_tag","embeddable":true,"href":"https:\/\/www.friedhofstribuene.at\/wordpress\/wp-json\/wp\/v2\/tags?post=3905"}],"curies":[{"name":"wp","href":"https:\/\/api.w.org\/{rel}","templated":true}]}}