{"id":4065,"date":"2016-03-07T20:49:15","date_gmt":"2016-03-07T18:49:15","guid":{"rendered":"http:\/\/www.friedhofstribuene.at\/wordpress\/?p=4065"},"modified":"2016-03-07T20:49:15","modified_gmt":"2016-03-07T18:49:15","slug":"24-3-glesen-wird-im-flag-und-zwar-vom-bezirkowitsch-persoenlich","status":"publish","type":"post","link":"https:\/\/www.friedhofstribuene.at\/wordpress\/24-3-glesen-wird-im-flag-und-zwar-vom-bezirkowitsch-persoenlich\/","title":{"rendered":"24.3.: G&#8217;lesen wird im Flag &#8211; und zwar vom Bezirkowitsch pers\u00f6nlich"},"content":{"rendered":"<p>So, die <a href=\"http:\/\/www.friedhofstribuene.at\/wordpress\/save-the-dates-februar-konzerte-im-flag\/\">Februar Konzertreihe<\/a> ist in die Historie eingegangen (mit Recht), am 12.3. steht das Theaterst\u00fcck &#8222;<a href=\"http:\/\/www.friedhofstribuene.at\/wordpress\/12-3-rund-eckig-schwul-ein-fussballtheaterstueck\/\">Rund Eckig Schwul<\/a>&#8220; am Sportclub-Platz am Programm und um dem kulturellen Reigen noch eins obendrauf zu setzen, wird auch mal wieder gelesen. Und zwar <strong>am 24.3. um 19 Uhr im Flag<\/strong>.<\/p>\n<p>F\u00fcr die Lesung d\u00fcrfen wir <strong>Maximilian &#8222;Bezirkowitsch&#8220; Zirkowitsch<\/strong> ank\u00fcndigen, der uns\u00a0<a href=\"https:\/\/www.facebook.com\/events\/605547229599020\/?ref=1&amp;action_history=%5B%7B%22surface%22%3A%22permalink%22%2C%22mechanism%22%3A%22surface%22%2C%22extra_data%22%3A%5B%5D%7D%5D\">Die Geschichte der Partei f\u00fcr den gem\u00e4\u00dfigten Fortschritt im Rahmen des Gesetzes<\/a>\u00a0n\u00e4herbringen wird.<\/p>\n<p><!--more--><\/p>\n<p><img loading=\"lazy\" decoding=\"async\" class=\"aligncenter wp-image-4066\" src=\"http:\/\/www.friedhofstribuene.at\/wordpress\/wp-content\/uploads\/2016\/03\/2016-03-24_Bezirkowitsch_Lesung.jpg\" alt=\"2016-03-24_Bezirkowitsch_Lesung\" width=\"600\" height=\"398\" srcset=\"https:\/\/www.friedhofstribuene.at\/wordpress\/wp-content\/uploads\/2016\/03\/2016-03-24_Bezirkowitsch_Lesung.jpg 960w, https:\/\/www.friedhofstribuene.at\/wordpress\/wp-content\/uploads\/2016\/03\/2016-03-24_Bezirkowitsch_Lesung-300x199.jpg 300w, https:\/\/www.friedhofstribuene.at\/wordpress\/wp-content\/uploads\/2016\/03\/2016-03-24_Bezirkowitsch_Lesung-768x510.jpg 768w\" sizes=\"auto, (max-width: 600px) 100vw, 600px\" \/><\/p>\n<p>Wir zitieren (um nicht zu sagen: wir kopieren schamlos aus bestehenden Quellen wie der \u00a0oben \u00fcbers Bild verlinkten Facebook Veranstaltung):<\/p>\n<p><em>Jaroslav Ha\u0161ek, Sch\u00f6pfer des Braven Soldaten Schwejk, trat 1911 mit der Partei f\u00fcr den gem\u00e4\u00dfigten Fortschritt im Rahmen des Gesetzes zur Reichsratswahl in Prag an. Die Forderungen umfassten die Verstaatlichung der Hausmeister, die Beschaffung von Taschenaquarien f\u00fcr ihre W\u00e4hlerInnen und die Einf\u00fchrung des Alkoholismus.<\/em><br \/>\n<em>Maximilian Zirkowitsch stellt die Geschichte der ersten Satirepartei vor, wird aus Versammlungsprotokollen lesen, Reden halten und, wenn noch Zeit ist, auch eigene Texte unterbringen. Zugabe (angefr.)<\/em><\/p>\n<p><em><a class=\"_58cn\" href=\"https:\/\/www.facebook.com\/hashtag\/bezirkowitsch\" data-ft=\"{&quot;tn&quot;:&quot;*N&quot;,&quot;type&quot;:104}\">#bezirkowitsch<\/a>\u00a0ist seit 2008 das ideologische Schwergewicht der Satiregruppe HYRA. Zuletzt gelang ihm es mit der Wahlkampfparodie #bezirkowitsch und der Forderung nach Umbenennung des 15. Wiener Gemeindebezirks in &#8222;Rudoifsheim, Oida!&#8220; 362 Vorzugsstimmen zu erringen.<\/em><\/p>\n<p>K\u00f6nnt lustig werden. Und damit laden wir euch herzlich ein im Flag vorbeizuschauen!<\/p>\n","protected":false},"excerpt":{"rendered":"<p>So, die Februar Konzertreihe ist in die Historie eingegangen (mit Recht), am 12.3. steht das Theaterst\u00fcck &#8222;Rund Eckig Schwul&#8220; am Sportclub-Platz am Programm und um dem kulturellen Reigen noch eins obendrauf zu setzen, wird auch mal wieder gelesen. Und zwar &hellip; <a href=\"https:\/\/www.friedhofstribuene.at\/wordpress\/24-3-glesen-wird-im-flag-und-zwar-vom-bezirkowitsch-persoenlich\/\">Weiterlesen <span class=\"meta-nav\">&rarr;<\/span><\/a><\/p>\n","protected":false},"author":2,"featured_media":0,"comment_status":"closed","ping_status":"open","sticky":false,"template":"","format":"standard","meta":{"ngg_post_thumbnail":0,"footnotes":""},"categories":[151,3,8,128],"tags":[231],"class_list":["post-4065","post","type-post","status-publish","format-standard","hentry","category-gesellschaftliche-anliegen","category-kultur","category-theflag","category-veranstaltungen","tag-bezirkowitsch"],"_links":{"self":[{"href":"https:\/\/www.friedhofstribuene.at\/wordpress\/wp-json\/wp\/v2\/posts\/4065","targetHints":{"allow":["GET"]}}],"collection":[{"href":"https:\/\/www.friedhofstribuene.at\/wordpress\/wp-json\/wp\/v2\/posts"}],"about":[{"href":"https:\/\/www.friedhofstribuene.at\/wordpress\/wp-json\/wp\/v2\/types\/post"}],"author":[{"embeddable":true,"href":"https:\/\/www.friedhofstribuene.at\/wordpress\/wp-json\/wp\/v2\/users\/2"}],"replies":[{"embeddable":true,"href":"https:\/\/www.friedhofstribuene.at\/wordpress\/wp-json\/wp\/v2\/comments?post=4065"}],"version-history":[{"count":1,"href":"https:\/\/www.friedhofstribuene.at\/wordpress\/wp-json\/wp\/v2\/posts\/4065\/revisions"}],"predecessor-version":[{"id":4067,"href":"https:\/\/www.friedhofstribuene.at\/wordpress\/wp-json\/wp\/v2\/posts\/4065\/revisions\/4067"}],"wp:attachment":[{"href":"https:\/\/www.friedhofstribuene.at\/wordpress\/wp-json\/wp\/v2\/media?parent=4065"}],"wp:term":[{"taxonomy":"category","embeddable":true,"href":"https:\/\/www.friedhofstribuene.at\/wordpress\/wp-json\/wp\/v2\/categories?post=4065"},{"taxonomy":"post_tag","embeddable":true,"href":"https:\/\/www.friedhofstribuene.at\/wordpress\/wp-json\/wp\/v2\/tags?post=4065"}],"curies":[{"name":"wp","href":"https:\/\/api.w.org\/{rel}","templated":true}]}}