{"id":4803,"date":"2017-04-06T18:08:28","date_gmt":"2017-04-06T16:08:28","guid":{"rendered":"http:\/\/www.friedhofstribuene.at\/wordpress\/?p=4803"},"modified":"2017-04-06T18:09:52","modified_gmt":"2017-04-06T16:09:52","slug":"infoveranstaltung-des-wsc-zur-rueckfuehrung-des-wsk","status":"publish","type":"post","link":"https:\/\/www.friedhofstribuene.at\/wordpress\/infoveranstaltung-des-wsc-zur-rueckfuehrung-des-wsk\/","title":{"rendered":"Infoveranstaltung des WSC zur R\u00fcckf\u00fchrung des WSK |\u00a0Recap"},"content":{"rendered":"<p>Gestern Abend (am 5.4.) fand in der Kalvarienbergstra\u00dfe 28a die Infoveranstaltung des WSC zur R\u00fcckf\u00fchrung des WSK in den WSC statt.<!--more--><\/p>\n<p>Aufbauend auf den bisherigen Treffen und den im Letter of Intent festgehaltenen Rahmenbedingungen gab es seit Jahresbeginn weitere Treffen und Gespr\u00e4che mit der Sponsorengruppe, die sich in der Fu\u00dfball-Sektion engagieren soll.<\/p>\n<p>Die einzige gangbare Version der R\u00fcckf\u00fchrung, bedingt durch WFV-Vorgaben und den Wunsch des WSC, dass es nur einen Gesamtverein geben soll, bleibt &#8211; wie bisher auch angestrebt \u2013 die \u201eFusion\u201c im verbandsrechtlichen Sinn. Das hei\u00dft der Spielbetrieb des WSK wird in den des WSC \u00fcbernommen und der WSK stellt denselben ein.<\/p>\n<p>Aktuell werden Vertr\u00e4ge, betreffend der \u00dcbernahme von Sponsoren, weiteren Einbindung von Dornbach Networks und der erw\u00e4hnten Sponsorengruppe ausgearbeitet. Ebenso eine budget\u00e4re Aufstellung f\u00fcr die kommende Saison 2017\/18. Diese sollen binnen der n\u00e4chsten 1 bis 2 Wochen an den WSC-Vorstand \u00fcbermittelt und anschlie\u00dfend durch diesen gepr\u00fcft werden.<br \/>\nGerade hinsichtlich der sp\u00e4ten und noch nicht abgeschlossenen Vertrags- und Budgeterstellung gab es zahlreiche R\u00fcckfragen und auch Kritik in Richtung des Pr\u00e4sidiums. Nicht zuletzt weil die Vertr\u00e4ge nicht vom WSC sondern durch die Sponsorengruppe ausgearbeitet werden soll. Der WSC-Vorstand nahm die Kritik durchaus ernst und verspricht eine intensive Auseinandersetzung mit dem Vertragswerk. Gerne h\u00e4tte man mehr selbst beigetragen, letztlich fehlte es aber auf der eigenen Seite an Unterst\u00fctzung durch Mitglieder des WSC \u2013 der Vorstand hatte bei den vergangenen Treffen mehrfach den Wunsch ge\u00e4u\u00dfert, dass sich interessierte Mitglieder mit entsprechendem juristischem und betriebswirtschaftlichen Know-How zur Mithilfe melden m\u00f6gen.<\/p>\n<p>Auch in Hinblick auf die Vereinsstrukturen wurden Fragen an den WSC-Vorstand gerichtet und die Sorge ge\u00e4u\u00dfert, dass die Sponsorengruppe den WSC \u201e\u00fcbernehmen\u201c k\u00f6nne. Der WSC bleibt aber in seinen Strukturen nach wie vor ein Mitgliederverein. Es soll zwar die Leitung der Fu\u00dfballsektion durch die Sponsorengruppe erfolgen, allerdings ist auch diese nach wie vor den demokratischen Prinzipien des WSC-Statuts unterworfen. Der Einfluss der Mitglieder wird also weiterhin bestehen bleiben. Nicht zuletzt im eigenen Interesse, werden hier vor allem die anderen Sektionen des WSC f\u00fcr den Einhalt dieser stehen.<\/p>\n<p>Personelle Fragen hinsichtlich der Leitung der Fu\u00dfballsektion wurden bisher nicht gekl\u00e4rt, werden aber demn\u00e4chst folgen. Bis zur Mitgliederversammlung im Mai werden diese jedoch abgeschlossen sein und es soll auch Zeit bleiben sich \u00fcber die einzelnen Personen zu informieren.<\/p>\n<p>Die Mitglieder, die Anh\u00e4ngervereinigung und die Freund*innen der Friedhofstrib\u00fcne werden in den kommenden Monaten definitiv ein Auge auf die neuen Funktion\u00e4r*innen werfen. Beim ersten Anzeichen einer zu gro\u00dfen Einflussnahem auf den Gesamtverein oder auf die Mitbestimmungsrechte der Mitglieder wird man im Notfall auch Gegenma\u00dfnahmen setzen m\u00fcssen. <\/p>\n<p>Weiteres Thema waren das Frauen- und die Nachwuchsteams. Selbstverst\u00e4ndlich sollen auch diese in den WSC \u00fcbernommen werden. Ob diese dann m\u00f6glicherweise eine eigene Sektion bilden oder in der Fu\u00dfballsektion eingebettet sein werden, wird mit den Verantwortlichen noch gekl\u00e4rt. Um eigene Sektionen zu stellen m\u00fcssen sie jedenfalls in finanzieller Hinsicht eigenst\u00e4ndig und vom restlichen Fu\u00dfball unabh\u00e4ngig  bestehen k\u00f6nnen.<\/p>\n<p>Gesamt gesehen war die Resonanz aus dem Publikum aber positiv. Wenngleich die gesunde Skepsis bis zum Vorliegen aller Details vor der Abstimmung bei der Mitgliederversammlung im Mai bleibt, war die Mehrheit der Anwesenden der Meinung, dass die Ausgangssituation so gut wie noch nie sei. Es solle vom Pr\u00e4sidium unbedingt weitergearbeitet werden. Ein abermaliges Aufschieben einer R\u00fcckf\u00fchrung w\u00e4re in der Wahrnehmung vieler das endg\u00fcltige Aus der Bem\u00fchungen. <\/p>\n<p>Die <a href=\"http:\/\/www.anhaengervereinigung.at\" target=\"_blank\">Anh\u00e4ngervereinigung<\/a> und die Freund*innen der FHT werden bis dahin an der Ausfinanzierung der Fans\u00e4ule weiterarbeiten (https:\/\/www.startnext.com\/onewienersportclub) und ihrerseits den versprochenen Beitrag zu erf\u00fcllen versuchen. Selbiges erwarten wir auch vom WSC und WSK, sehen die Bem\u00fchungen derzeit aber auf einem guten Weg.<\/p>\n","protected":false},"excerpt":{"rendered":"<p>Gestern Abend (am 5.4.) fand in der Kalvarienbergstra\u00dfe 28a die Infoveranstaltung des WSC zur R\u00fcckf\u00fchrung des WSK in den WSC statt.<\/p>\n","protected":false},"author":2,"featured_media":0,"comment_status":"closed","ping_status":"open","sticky":false,"template":"","format":"standard","meta":{"ngg_post_thumbnail":0,"footnotes":""},"categories":[7,128,12,5,71],"tags":[],"class_list":["post-4803","post","type-post","status-publish","format-standard","hentry","category-ruckfuhrung","category-veranstaltungen","category-wir-brauchen-dich","category-wsc","category-wsk"],"_links":{"self":[{"href":"https:\/\/www.friedhofstribuene.at\/wordpress\/wp-json\/wp\/v2\/posts\/4803","targetHints":{"allow":["GET"]}}],"collection":[{"href":"https:\/\/www.friedhofstribuene.at\/wordpress\/wp-json\/wp\/v2\/posts"}],"about":[{"href":"https:\/\/www.friedhofstribuene.at\/wordpress\/wp-json\/wp\/v2\/types\/post"}],"author":[{"embeddable":true,"href":"https:\/\/www.friedhofstribuene.at\/wordpress\/wp-json\/wp\/v2\/users\/2"}],"replies":[{"embeddable":true,"href":"https:\/\/www.friedhofstribuene.at\/wordpress\/wp-json\/wp\/v2\/comments?post=4803"}],"version-history":[{"count":3,"href":"https:\/\/www.friedhofstribuene.at\/wordpress\/wp-json\/wp\/v2\/posts\/4803\/revisions"}],"predecessor-version":[{"id":4806,"href":"https:\/\/www.friedhofstribuene.at\/wordpress\/wp-json\/wp\/v2\/posts\/4803\/revisions\/4806"}],"wp:attachment":[{"href":"https:\/\/www.friedhofstribuene.at\/wordpress\/wp-json\/wp\/v2\/media?parent=4803"}],"wp:term":[{"taxonomy":"category","embeddable":true,"href":"https:\/\/www.friedhofstribuene.at\/wordpress\/wp-json\/wp\/v2\/categories?post=4803"},{"taxonomy":"post_tag","embeddable":true,"href":"https:\/\/www.friedhofstribuene.at\/wordpress\/wp-json\/wp\/v2\/tags?post=4803"}],"curies":[{"name":"wp","href":"https:\/\/api.w.org\/{rel}","templated":true}]}}