{"id":5410,"date":"2018-09-28T06:13:11","date_gmt":"2018-09-28T04:13:11","guid":{"rendered":"http:\/\/www.friedhofstribuene.at\/wordpress\/?p=5410"},"modified":"2018-09-28T06:13:11","modified_gmt":"2018-09-28T04:13:11","slug":"wir-und-v-a-der-luka-brauchen-euch-mal-wieder","status":"publish","type":"post","link":"https:\/\/www.friedhofstribuene.at\/wordpress\/wir-und-v-a-der-luka-brauchen-euch-mal-wieder\/","title":{"rendered":"Wir (und v.a. der Luka) brauchen euch mal wieder"},"content":{"rendered":"<p>Es gibt Zeiten, da muss man sich wirklich sch\u00e4men, was in \u00d6sterreich (einem &#8211; und man kann das nicht genug betonen &#8211; der reichsten L\u00e4nder der Welt) so vor sich geht. Wir m\u00f6chten euch um Beachtung des Flyers und eure Unterst\u00fctzung heute bitten:<\/p>\n<div id=\":1k0\" class=\"a3s aXjCH \">\n<div>\n<div>\n<div>\n<div>\n<p><em>Luka geh\u00f6rt zu uns \u2013 auch jetzt!<\/em><\/p>\n<p><em>Luka besuchte bis vor wenigen Tagen die Integrative Schule Hernals. Er spielte gerne im Schulgarten neben unserem Sportclubplatz, liebt Fu\u00dfball \u00fcber alles, konnte selbst aber leider nicht mitlaufen, weil er aufgrund einer schweren Behinderung im Rollstuhl sitzt. Seit drei Jahren ist Luka unser Freund.<\/em><\/p>\n<p><em>Am 26.9.18 wurden Luka und seine Mama um 5:30 Uhr in der Fr\u00fch von der Polizei abgeholt und nach Georgien abgeschoben. Die Mutter hatte 10 Minuten Zeit um ihre Sachen zu packen und wenige Sekunden um sich von ihrem Mann zu verabschieden.<\/em><\/p>\n<p><em>Wir sind traurig und w\u00fctend. Trotz gro\u00dfer Unterst\u00fctzung von vielen Seiten, vielleicht erinnert ihr euch an eine Transpi-Aktion am Sportclubplatz, ist es uns nicht gelungen ein Bleiberecht f\u00fcr beide in \u00d6sterreich zu erwirken.<\/em><\/p>\n<p><em>Luka und seine Mutter&nbsp;sind mit 60 Euro in der Tasche nach Georgien gebracht worden. Sie haben dort keine Wohnung, keinen Job, Luka, ein Bub mit einer schweren Mehrfachbehinderung, keinen Schulplatz&#8230;<\/em><\/p>\n<p><em>Wir werden nicht aufgeben und Luka und seine Mutter weiter unterst\u00fctzen. Es braucht Geld f\u00fcr einen Anwalt, Schulbesuch, Therapien und Wohnung mit der Hoffnung letztendlich eine Familienzusammenf\u00fchrung mit ihrem in Wien lebenden Mann zu erwirken.<\/em><\/p>\n<p><em>Jeder kleinste Beitrag ist willkommen, einmalig oder regelm\u00e4\u00dfig &#8211; aber auch Solidarit\u00e4t und Zusammenhalt!<\/em><\/p>\n<p><em>Danke f\u00fcr deine Unterst\u00fctzung \u2013 heute bei der Sammelaktion der Kinder oder \u00fcber das er\u00f6ffnete Konto:<\/em><\/p>\n<p><em>Kontobezeichnung: LUKA<\/em><br \/>\n<em>IBAN: AT24 2011 1288 6725 5604<\/em><\/p>\n<\/div>\n<\/div>\n<\/div>\n<\/div>\n<\/div>\n<p>&nbsp;<\/p>\n","protected":false},"excerpt":{"rendered":"<p>Es gibt Zeiten, da muss man sich wirklich sch\u00e4men, was in \u00d6sterreich (einem &#8211; und man kann das nicht genug betonen &#8211; der reichsten L\u00e4nder der Welt) so vor sich geht. Wir m\u00f6chten euch um Beachtung des Flyers und eure &hellip; <a href=\"https:\/\/www.friedhofstribuene.at\/wordpress\/wir-und-v-a-der-luka-brauchen-euch-mal-wieder\/\">Weiterlesen <span class=\"meta-nav\">&rarr;<\/span><\/a><\/p>\n","protected":false},"author":2,"featured_media":0,"comment_status":"closed","ping_status":"open","sticky":false,"template":"","format":"standard","meta":{"ngg_post_thumbnail":0,"footnotes":""},"categories":[1],"tags":[314,315],"class_list":["post-5410","post","type-post","status-publish","format-standard","hentry","category-allgemein","tag-luka","tag-wtf-rennt-falsch-in-dieser-welt"],"_links":{"self":[{"href":"https:\/\/www.friedhofstribuene.at\/wordpress\/wp-json\/wp\/v2\/posts\/5410","targetHints":{"allow":["GET"]}}],"collection":[{"href":"https:\/\/www.friedhofstribuene.at\/wordpress\/wp-json\/wp\/v2\/posts"}],"about":[{"href":"https:\/\/www.friedhofstribuene.at\/wordpress\/wp-json\/wp\/v2\/types\/post"}],"author":[{"embeddable":true,"href":"https:\/\/www.friedhofstribuene.at\/wordpress\/wp-json\/wp\/v2\/users\/2"}],"replies":[{"embeddable":true,"href":"https:\/\/www.friedhofstribuene.at\/wordpress\/wp-json\/wp\/v2\/comments?post=5410"}],"version-history":[{"count":1,"href":"https:\/\/www.friedhofstribuene.at\/wordpress\/wp-json\/wp\/v2\/posts\/5410\/revisions"}],"predecessor-version":[{"id":5411,"href":"https:\/\/www.friedhofstribuene.at\/wordpress\/wp-json\/wp\/v2\/posts\/5410\/revisions\/5411"}],"wp:attachment":[{"href":"https:\/\/www.friedhofstribuene.at\/wordpress\/wp-json\/wp\/v2\/media?parent=5410"}],"wp:term":[{"taxonomy":"category","embeddable":true,"href":"https:\/\/www.friedhofstribuene.at\/wordpress\/wp-json\/wp\/v2\/categories?post=5410"},{"taxonomy":"post_tag","embeddable":true,"href":"https:\/\/www.friedhofstribuene.at\/wordpress\/wp-json\/wp\/v2\/tags?post=5410"}],"curies":[{"name":"wp","href":"https:\/\/api.w.org\/{rel}","templated":true}]}}