{"id":5565,"date":"2019-04-25T11:32:18","date_gmt":"2019-04-25T09:32:18","guid":{"rendered":"https:\/\/www.friedhofstribuene.at\/wordpress\/?p=5565"},"modified":"2019-04-25T11:32:18","modified_gmt":"2019-04-25T09:32:18","slug":"28-4-admira-away","status":"publish","type":"post","link":"https:\/\/www.friedhofstribuene.at\/wordpress\/28-4-admira-away\/","title":{"rendered":"28.4. \u2013 Admira Away"},"content":{"rendered":"<p>Am Sonntag geht\u2018s zu den Junioren in die S\u00fcdstadt. Wir sind im Fr\u00fchjahr Ausw\u00e4rts noch<br \/>\nungeschlagen, alle in die S\u00fcdstadt damit das so bleibt. Es wird wieder einmal im Stadion und<br \/>\nnicht am Trainingsplatz gespielt!<br \/>\nWie immer gibt\u2018s eine gemeinsame Anreise:<br \/>\nSonntag, 28.4.2019<br \/>\n15.00 Treffpunkt Wien Meidling \/ Badner Bahn Station am Schedifkaplatz<br \/>\n15.17 Abfahrt Badner Bahn<br \/>\n15.46 Ankunft Maria Enzersdorf S\u00fcdstadt<br \/>\n16.30 Sport-Club is on the green!<\/p>\n<p>Ein spezieller Tipp der Reiseleitung: Am 28.4. findet auch das Jahresturnier von unseren<br \/>\nFreund*innen von Kicken ohne Grenzen statt. Los geht\u2018s ab 10.00 im Prater (Meiereistr. 20,Rugby Platz). Ein FHT Team spielt auch mit und wird von dort aus in die S\u00fcdstadt fahren!<\/p>\n<p>PS: Zu beiden Varianten der gemeinsamen Anreise ist keine Anmeldung notwendig\u2026.<\/p>\n","protected":false},"excerpt":{"rendered":"<p>Am Sonntag geht\u2018s zu den Junioren in die S\u00fcdstadt. Wir sind im Fr\u00fchjahr Ausw\u00e4rts noch ungeschlagen, alle in die S\u00fcdstadt damit das so bleibt. Es wird wieder einmal im Stadion und nicht am Trainingsplatz gespielt! Wie immer gibt\u2018s eine gemeinsame &hellip; <a href=\"https:\/\/www.friedhofstribuene.at\/wordpress\/28-4-admira-away\/\">Weiterlesen <span class=\"meta-nav\">&rarr;<\/span><\/a><\/p>\n","protected":false},"author":6,"featured_media":0,"comment_status":"closed","ping_status":"open","sticky":false,"template":"","format":"standard","meta":{"ngg_post_thumbnail":0,"footnotes":""},"categories":[1,4,152],"tags":[],"class_list":["post-5565","post","type-post","status-publish","format-standard","hentry","category-allgemein","category-fhtkickt","category-on-tour"],"_links":{"self":[{"href":"https:\/\/www.friedhofstribuene.at\/wordpress\/wp-json\/wp\/v2\/posts\/5565","targetHints":{"allow":["GET"]}}],"collection":[{"href":"https:\/\/www.friedhofstribuene.at\/wordpress\/wp-json\/wp\/v2\/posts"}],"about":[{"href":"https:\/\/www.friedhofstribuene.at\/wordpress\/wp-json\/wp\/v2\/types\/post"}],"author":[{"embeddable":true,"href":"https:\/\/www.friedhofstribuene.at\/wordpress\/wp-json\/wp\/v2\/users\/6"}],"replies":[{"embeddable":true,"href":"https:\/\/www.friedhofstribuene.at\/wordpress\/wp-json\/wp\/v2\/comments?post=5565"}],"version-history":[{"count":1,"href":"https:\/\/www.friedhofstribuene.at\/wordpress\/wp-json\/wp\/v2\/posts\/5565\/revisions"}],"predecessor-version":[{"id":5566,"href":"https:\/\/www.friedhofstribuene.at\/wordpress\/wp-json\/wp\/v2\/posts\/5565\/revisions\/5566"}],"wp:attachment":[{"href":"https:\/\/www.friedhofstribuene.at\/wordpress\/wp-json\/wp\/v2\/media?parent=5565"}],"wp:term":[{"taxonomy":"category","embeddable":true,"href":"https:\/\/www.friedhofstribuene.at\/wordpress\/wp-json\/wp\/v2\/categories?post=5565"},{"taxonomy":"post_tag","embeddable":true,"href":"https:\/\/www.friedhofstribuene.at\/wordpress\/wp-json\/wp\/v2\/tags?post=5565"}],"curies":[{"name":"wp","href":"https:\/\/api.w.org\/{rel}","templated":true}]}}