{"id":5992,"date":"2021-10-21T09:32:41","date_gmt":"2021-10-21T07:32:41","guid":{"rendered":"https:\/\/www.friedhofstribuene.at\/wordpress\/?p=5992"},"modified":"2021-10-21T09:32:41","modified_gmt":"2021-10-21T07:32:41","slug":"offener-brief-an-die-fans-der-first-vienna","status":"publish","type":"post","link":"https:\/\/www.friedhofstribuene.at\/wordpress\/offener-brief-an-die-fans-der-first-vienna\/","title":{"rendered":"Offener Brief an die Fans der First Vienna"},"content":{"rendered":"<p>Wir hatten nun ein paar Tage Zeit, das schmerzhafte Ergebnis des Derbys zumindest ein wenig zu verdauen und ein Statement unseres Vereins zu den Vorkommnissen abseits des Spielfelds abzuwarten. Mit diesem Brief wollen wir uns als Fans nun selbst zu Wort melden und ein paar Leerstellen des Vereins-Statements aus unserer Sicht f\u00fcllen.<\/p>\n<p>Um nicht wieder medial vereinnahmt zu werden, weisen wir explizit darauf hin, dass das kein Liebesbrief ist. Es gab und gibt Irritationen zwischen unseren Fanszenen, die wir ein anderes Mal und unter uns kl\u00e4ren. Wir zollen unseren Gegner*innen aber Respekt und verstehen uns grunds\u00e4tzlich solidarisch mit Fans in Bezug auf ihr Recht, ihr Team zu unterst\u00fctzen und vor Repression verschont zu bleiben.<\/p>\n<p>W\u00e4hrend wir am Spieltag mit uns und unserem Team besch\u00e4ftigt waren, haben wir im Nachtrag erfahren, dass aufgrund organisatorischer Fehler viele Fans der Vienna das Spiel nicht zur G\u00e4nze sehen konnten. Hierzu m\u00f6chten wir unser Bedauern aussprechen und betonen, dass wir, sollte es ein weiteres Derby an unserem Platz geben, auch im Vorfeld auf unseren Verein einwirken werden, um hier bessere Bedingungen zu schaffen.<\/p>\n<p>Besonders wollen wir aber unsere Solidarit\u00e4t mit jenen aussprechen, die nach dem Spiel auf der blauen Trib\u00fcne von der Polizei drangsaliert wurden, ganz unabh\u00e4ngig davon, wie wir selbst mit Pyrotechnik umgehen. Hier reichen wir euch die Hand, trotz Differenzen auch in Zukunft ein solidarisches B\u00fcndnis einzugehen bzw zu schaffen. Gerne nehmen wir das Angebot des Fandachverband &#8222;First Vienna Football Club 1894 Supporters&#8220; an uns vor dem n\u00e4chsten Derby zusammen zu setzen.<\/p>\n<p>Mit schwarz-wei\u00dfen Gr\u00fc\u00dfen,<\/p>\n<p>Die Freund*innen der Friedhofstrib\u00fcne<\/p>\n","protected":false},"excerpt":{"rendered":"<p>Wir hatten nun ein paar Tage Zeit, das schmerzhafte Ergebnis des Derbys zumindest ein wenig zu verdauen und ein Statement unseres Vereins zu den Vorkommnissen abseits des Spielfelds abzuwarten. Mit diesem Brief wollen wir uns als Fans nun selbst zu &hellip; <a href=\"https:\/\/www.friedhofstribuene.at\/wordpress\/offener-brief-an-die-fans-der-first-vienna\/\">Weiterlesen <span class=\"meta-nav\">&rarr;<\/span><\/a><\/p>\n","protected":false},"author":6,"featured_media":0,"comment_status":"closed","ping_status":"open","sticky":false,"template":"","format":"standard","meta":{"ngg_post_thumbnail":0,"footnotes":""},"categories":[1],"tags":[],"class_list":["post-5992","post","type-post","status-publish","format-standard","hentry","category-allgemein"],"_links":{"self":[{"href":"https:\/\/www.friedhofstribuene.at\/wordpress\/wp-json\/wp\/v2\/posts\/5992","targetHints":{"allow":["GET"]}}],"collection":[{"href":"https:\/\/www.friedhofstribuene.at\/wordpress\/wp-json\/wp\/v2\/posts"}],"about":[{"href":"https:\/\/www.friedhofstribuene.at\/wordpress\/wp-json\/wp\/v2\/types\/post"}],"author":[{"embeddable":true,"href":"https:\/\/www.friedhofstribuene.at\/wordpress\/wp-json\/wp\/v2\/users\/6"}],"replies":[{"embeddable":true,"href":"https:\/\/www.friedhofstribuene.at\/wordpress\/wp-json\/wp\/v2\/comments?post=5992"}],"version-history":[{"count":1,"href":"https:\/\/www.friedhofstribuene.at\/wordpress\/wp-json\/wp\/v2\/posts\/5992\/revisions"}],"predecessor-version":[{"id":5993,"href":"https:\/\/www.friedhofstribuene.at\/wordpress\/wp-json\/wp\/v2\/posts\/5992\/revisions\/5993"}],"wp:attachment":[{"href":"https:\/\/www.friedhofstribuene.at\/wordpress\/wp-json\/wp\/v2\/media?parent=5992"}],"wp:term":[{"taxonomy":"category","embeddable":true,"href":"https:\/\/www.friedhofstribuene.at\/wordpress\/wp-json\/wp\/v2\/categories?post=5992"},{"taxonomy":"post_tag","embeddable":true,"href":"https:\/\/www.friedhofstribuene.at\/wordpress\/wp-json\/wp\/v2\/tags?post=5992"}],"curies":[{"name":"wp","href":"https:\/\/api.w.org\/{rel}","templated":true}]}}