{"id":6107,"date":"2022-05-02T15:27:09","date_gmt":"2022-05-02T13:27:09","guid":{"rendered":"https:\/\/www.friedhofstribuene.at\/wordpress\/?p=6107"},"modified":"2022-05-02T15:27:09","modified_gmt":"2022-05-02T13:27:09","slug":"generalversammlung-2022","status":"publish","type":"post","link":"https:\/\/www.friedhofstribuene.at\/wordpress\/generalversammlung-2022\/","title":{"rendered":"+++ Generalversammlung 2022 +++"},"content":{"rendered":"<div class=\"kvgmc6g5 cxmmr5t8 oygrvhab hcukyx3x c1et5uql ii04i59q\">\n<div dir=\"auto\">Die alle zwei Jahre stattfindende Generalversammlung des Vereins Freund*innen der Friedhofstrib\u00fcne ist heuer (vorl\u00e4ufig) am 21.6.2022 auf der Haupttrib\u00fcne. Alle Details werden rechtzeitig auf der Website der FHT ver\u00f6ffentlicht. Antr\u00e4ge sind laut Statuten zwei Wochen vorher einzureichen.<\/div>\n<div dir=\"auto\"><\/div>\n<\/div>\n<div class=\"cxmmr5t8 oygrvhab hcukyx3x c1et5uql o9v6fnle ii04i59q\">\n<div dir=\"auto\">Wer einen oder mehrere Jahresbeitr\u00e4ge (15\u20ac) zu begleichen hat, macht das am besten per \u00dcberweisung. Eine Zahlung vor Ort ist allerdings auch m\u00f6glich.<\/div>\n<div dir=\"auto\">Konto: Freund\/innen d. Friedhofstrib\u00fcne<\/div>\n<div dir=\"auto\">IBAN: AT74 4300 0401 7644 0002<\/div>\n<div dir=\"auto\"><\/div>\n<div dir=\"auto\">Du bist noch kein FHT Mitglied? Hier geht\u2018s zur<\/div>\n<div dir=\"auto\"><a class=\"oajrlxb2 g5ia77u1 qu0x051f esr5mh6w e9989ue4 r7d6kgcz rq0escxv nhd2j8a9 nc684nl6 p7hjln8o kvgmc6g5 cxmmr5t8 oygrvhab hcukyx3x jb3vyjys rz4wbd8a qt6c0cv9 a8nywdso i1ao9s8h esuyzwwr f1sip0of lzcic4wl gpro0wi8 py34i1dx\" role=\"link\" href=\"https:\/\/friedhofstribuene.at\/wordpress\/wp-content\/uploads\/2012\/03\/Beitrittserklaerung_FHT.pdf?fbclid=IwAR1J9RNnDZmGVlo4avrjrOhKLK7mTAWSJcyh6FO-OS5QRRI8dsxb3GrMs3c\" target=\"_blank\" rel=\"nofollow noopener\">https:\/\/friedhofstribuene.at\/&#8230;\/Beitrittserklaerung_FHT.pdf<\/a><\/div>\n<div dir=\"auto\">(ausf\u00fcllen und an freunde.der@friedhofstribuene.at schicken)<\/div>\n<\/div>\n","protected":false},"excerpt":{"rendered":"<p>Die alle zwei Jahre stattfindende Generalversammlung des Vereins Freund*innen der Friedhofstrib\u00fcne ist heuer (vorl\u00e4ufig) am 21.6.2022 auf der Haupttrib\u00fcne. Alle Details werden rechtzeitig auf der Website der FHT ver\u00f6ffentlicht. Antr\u00e4ge sind laut Statuten zwei Wochen vorher einzureichen. Wer einen oder &hellip; <a href=\"https:\/\/www.friedhofstribuene.at\/wordpress\/generalversammlung-2022\/\">Weiterlesen <span class=\"meta-nav\">&rarr;<\/span><\/a><\/p>\n","protected":false},"author":6,"featured_media":0,"comment_status":"closed","ping_status":"open","sticky":false,"template":"","format":"standard","meta":{"ngg_post_thumbnail":0,"footnotes":""},"categories":[1],"tags":[],"class_list":["post-6107","post","type-post","status-publish","format-standard","hentry","category-allgemein"],"_links":{"self":[{"href":"https:\/\/www.friedhofstribuene.at\/wordpress\/wp-json\/wp\/v2\/posts\/6107","targetHints":{"allow":["GET"]}}],"collection":[{"href":"https:\/\/www.friedhofstribuene.at\/wordpress\/wp-json\/wp\/v2\/posts"}],"about":[{"href":"https:\/\/www.friedhofstribuene.at\/wordpress\/wp-json\/wp\/v2\/types\/post"}],"author":[{"embeddable":true,"href":"https:\/\/www.friedhofstribuene.at\/wordpress\/wp-json\/wp\/v2\/users\/6"}],"replies":[{"embeddable":true,"href":"https:\/\/www.friedhofstribuene.at\/wordpress\/wp-json\/wp\/v2\/comments?post=6107"}],"version-history":[{"count":1,"href":"https:\/\/www.friedhofstribuene.at\/wordpress\/wp-json\/wp\/v2\/posts\/6107\/revisions"}],"predecessor-version":[{"id":6108,"href":"https:\/\/www.friedhofstribuene.at\/wordpress\/wp-json\/wp\/v2\/posts\/6107\/revisions\/6108"}],"wp:attachment":[{"href":"https:\/\/www.friedhofstribuene.at\/wordpress\/wp-json\/wp\/v2\/media?parent=6107"}],"wp:term":[{"taxonomy":"category","embeddable":true,"href":"https:\/\/www.friedhofstribuene.at\/wordpress\/wp-json\/wp\/v2\/categories?post=6107"},{"taxonomy":"post_tag","embeddable":true,"href":"https:\/\/www.friedhofstribuene.at\/wordpress\/wp-json\/wp\/v2\/tags?post=6107"}],"curies":[{"name":"wp","href":"https:\/\/api.w.org\/{rel}","templated":true}]}}