{"id":6652,"date":"2024-05-24T10:22:33","date_gmt":"2024-05-24T08:22:33","guid":{"rendered":"https:\/\/www.friedhofstribuene.at\/wordpress\/?p=6652"},"modified":"2024-05-24T10:22:33","modified_gmt":"2024-05-24T08:22:33","slug":"24-5-flag-oeffnet-erst-ab-2124-uhr","status":"publish","type":"post","link":"https:\/\/www.friedhofstribuene.at\/wordpress\/24-5-flag-oeffnet-erst-ab-2124-uhr\/","title":{"rendered":"24.5 Flag \u00f6ffnet erst ab 21:24 Uhr"},"content":{"rendered":"<div dir=\"auto\">Bitte beachten und nicht wundern&#8230;&#8230;<\/div>\n<div dir=\"auto\">Das THE FLAG \u00f6ffnet heute nach dem Spiel erst gegen 21:45 Uhr!<\/div>\n<div dir=\"auto\">Auch wir sind &#8222;nur&#8220; Fans und wollen uns geb\u00fchrend vom platz verabschieden. bis sp\u00e4ter, demn\u00e4chst, gleich &#8211; wir freuen uns auf euch!<\/div>\n","protected":false},"excerpt":{"rendered":"<p>Bitte beachten und nicht wundern&#8230;&#8230; Das THE FLAG \u00f6ffnet heute nach dem Spiel erst gegen 21:45 Uhr! Auch wir sind &#8222;nur&#8220; Fans und wollen uns geb\u00fchrend vom platz verabschieden. bis sp\u00e4ter, demn\u00e4chst, gleich &#8211; wir freuen uns auf euch!<\/p>\n","protected":false},"author":6,"featured_media":0,"comment_status":"closed","ping_status":"open","sticky":false,"template":"","format":"standard","meta":{"ngg_post_thumbnail":0,"footnotes":""},"categories":[1],"tags":[],"class_list":["post-6652","post","type-post","status-publish","format-standard","hentry","category-allgemein"],"_links":{"self":[{"href":"https:\/\/www.friedhofstribuene.at\/wordpress\/wp-json\/wp\/v2\/posts\/6652","targetHints":{"allow":["GET"]}}],"collection":[{"href":"https:\/\/www.friedhofstribuene.at\/wordpress\/wp-json\/wp\/v2\/posts"}],"about":[{"href":"https:\/\/www.friedhofstribuene.at\/wordpress\/wp-json\/wp\/v2\/types\/post"}],"author":[{"embeddable":true,"href":"https:\/\/www.friedhofstribuene.at\/wordpress\/wp-json\/wp\/v2\/users\/6"}],"replies":[{"embeddable":true,"href":"https:\/\/www.friedhofstribuene.at\/wordpress\/wp-json\/wp\/v2\/comments?post=6652"}],"version-history":[{"count":1,"href":"https:\/\/www.friedhofstribuene.at\/wordpress\/wp-json\/wp\/v2\/posts\/6652\/revisions"}],"predecessor-version":[{"id":6653,"href":"https:\/\/www.friedhofstribuene.at\/wordpress\/wp-json\/wp\/v2\/posts\/6652\/revisions\/6653"}],"wp:attachment":[{"href":"https:\/\/www.friedhofstribuene.at\/wordpress\/wp-json\/wp\/v2\/media?parent=6652"}],"wp:term":[{"taxonomy":"category","embeddable":true,"href":"https:\/\/www.friedhofstribuene.at\/wordpress\/wp-json\/wp\/v2\/categories?post=6652"},{"taxonomy":"post_tag","embeddable":true,"href":"https:\/\/www.friedhofstribuene.at\/wordpress\/wp-json\/wp\/v2\/tags?post=6652"}],"curies":[{"name":"wp","href":"https:\/\/api.w.org\/{rel}","templated":true}]}}