{"id":6654,"date":"2024-05-27T10:12:17","date_gmt":"2024-05-27T08:12:17","guid":{"rendered":"https:\/\/www.friedhofstribuene.at\/wordpress\/?p=6654"},"modified":"2024-05-27T13:44:55","modified_gmt":"2024-05-27T11:44:55","slug":"die-naechsten-termine-2","status":"publish","type":"post","link":"https:\/\/www.friedhofstribuene.at\/wordpress\/die-naechsten-termine-2\/","title":{"rendered":"Die n\u00e4chsten Termine"},"content":{"rendered":"<p>-Donnerstag 30.5 &amp; Samstag 1.6 ab 11:00 Uhr : das Flag wird f\u00fcr die n\u00e4chsten zwei Jahre &#8222;eingewintert&#8220;. Mithilfe beim packen und ausr\u00e4umen ist nat\u00fcrlich hoch willkommen. Es wird auch noch weitere Termine geben.&nbsp;<\/p>\n<p>-Samstag 1.6 20:00 Uhr: ein allerletztes Konzert im Flag ab 20 Uhr (Los Ottakringos, Machacek, Reunion Gate). Nach der Livemusik gibt es noch einmal Auflegerei. wir lassen die Jungen ans Pult: Dj Djola (Postpunk, New Wave\u2026) &#8211; everyone wellcome, bring your families!<\/p>\n<p>-Montag 3.6 19:00 Uhr : das letzte Treffen der FreundInnen der Friedhofstrib\u00fcne im alten Flag. Kommt vorbei, wir werden in Erinnerungen schwelgen.&nbsp;<\/p>\n","protected":false},"excerpt":{"rendered":"<p>-Donnerstag 30.5 &amp; Samstag 1.6 ab 11:00 Uhr : das Flag wird f\u00fcr die n\u00e4chsten zwei Jahre &#8222;eingewintert&#8220;. Mithilfe beim packen und ausr\u00e4umen ist nat\u00fcrlich hoch willkommen. Es wird auch noch weitere Termine geben.&nbsp; -Samstag 1.6 20:00 Uhr: ein allerletztes &hellip; <a href=\"https:\/\/www.friedhofstribuene.at\/wordpress\/die-naechsten-termine-2\/\">Weiterlesen <span class=\"meta-nav\">&rarr;<\/span><\/a><\/p>\n","protected":false},"author":6,"featured_media":0,"comment_status":"closed","ping_status":"open","sticky":false,"template":"","format":"standard","meta":{"ngg_post_thumbnail":0,"footnotes":""},"categories":[1],"tags":[],"class_list":["post-6654","post","type-post","status-publish","format-standard","hentry","category-allgemein"],"_links":{"self":[{"href":"https:\/\/www.friedhofstribuene.at\/wordpress\/wp-json\/wp\/v2\/posts\/6654","targetHints":{"allow":["GET"]}}],"collection":[{"href":"https:\/\/www.friedhofstribuene.at\/wordpress\/wp-json\/wp\/v2\/posts"}],"about":[{"href":"https:\/\/www.friedhofstribuene.at\/wordpress\/wp-json\/wp\/v2\/types\/post"}],"author":[{"embeddable":true,"href":"https:\/\/www.friedhofstribuene.at\/wordpress\/wp-json\/wp\/v2\/users\/6"}],"replies":[{"embeddable":true,"href":"https:\/\/www.friedhofstribuene.at\/wordpress\/wp-json\/wp\/v2\/comments?post=6654"}],"version-history":[{"count":4,"href":"https:\/\/www.friedhofstribuene.at\/wordpress\/wp-json\/wp\/v2\/posts\/6654\/revisions"}],"predecessor-version":[{"id":6661,"href":"https:\/\/www.friedhofstribuene.at\/wordpress\/wp-json\/wp\/v2\/posts\/6654\/revisions\/6661"}],"wp:attachment":[{"href":"https:\/\/www.friedhofstribuene.at\/wordpress\/wp-json\/wp\/v2\/media?parent=6654"}],"wp:term":[{"taxonomy":"category","embeddable":true,"href":"https:\/\/www.friedhofstribuene.at\/wordpress\/wp-json\/wp\/v2\/categories?post=6654"},{"taxonomy":"post_tag","embeddable":true,"href":"https:\/\/www.friedhofstribuene.at\/wordpress\/wp-json\/wp\/v2\/tags?post=6654"}],"curies":[{"name":"wp","href":"https:\/\/api.w.org\/{rel}","templated":true}]}}