{"id":6671,"date":"2024-07-17T16:15:37","date_gmt":"2024-07-17T14:15:37","guid":{"rendered":"https:\/\/www.friedhofstribuene.at\/wordpress\/?p=6671"},"modified":"2024-07-17T16:25:53","modified_gmt":"2024-07-17T14:25:53","slug":"sonntag-20-7-trainingszentrum-des-wsc-1600-uhr","status":"publish","type":"post","link":"https:\/\/www.friedhofstribuene.at\/wordpress\/sonntag-20-7-trainingszentrum-des-wsc-1600-uhr\/","title":{"rendered":"Samstag 20.7 Trainingszentrum des WSC 16:00 Uhr"},"content":{"rendered":"<p>Liebe Sportclub-Familie,<\/p>\n<p>wie ihr mitbekommen habt, findet das erste Spiel der neuen Saison am 10.8.2024 im&nbsp;<strong class=\"text-strong\">WSC Trainingszentrum<\/strong>, Erdbrustgasse 4-18 in Ottakring statt.<\/p>\n<p>Leider wurde keine Zwischenl\u00f6sungs-Trib\u00fcne bewilligt\/best\u00e4tigt bzw. ist nicht leistbar.<br \/>\nDementsprechend sollen die bestehenden R\u00e4ume um das Spielfeld &#8211; so wie sie sind &#8211; genutzt werden.<\/p>\n<p>Dabei f\u00e4llt der Erdwall an der Nord-L\u00e4ngsseite ins Auge, der sicherlich schon bessere Tage gesehen hat und eine &#8222;\u00dcberarbeitung&#8220; erfordert.<\/p>\n<p>Um uns wieder ein feines Zuschauererlebnis zu erm\u00f6glichen, haben wir in der vergangenen FHT Sitzung beschlossen, dass wir hier mithelfen k\u00f6nnten.<\/p>\n<p><strong class=\"text-strong\">Konkret bedeutet das, dass sich bitte m\u00f6glichst viele Freiwillige ab kommendem Samstag vor Ort treffen, um dort mit Schaufeln\/Spaten\/Gartenhacken etc. Gras und Erde abzutragen.<\/strong><\/p>\n<p>Um der Mittagssonne zu entkommen w\u00fcrde ich vorschlagen, dass wir uns ab 16 Uhr dort treffen &#8211; wer entsprechendes Werkzeug mitbringen kann: umso besser.<br \/>\nAndernfalls sollte Werkzeug vor Ort sein (oder wird rasch eingekauft).<br \/>\n<strong class=\"text-strong\">F\u00fcr Essen\/Trinken wird gesorgt sein!<\/strong><\/p>\n<p>Falls jemand gerne mithelfen mag, aber diesen Samstag keine Zeit haben sollte: M\u00f6glicherweise gibt es dann noch den einen oder anderen Zusatztermin.<br \/>\nBitte leitet die Nachricht auch an andere Willige weiter.<\/p>\n<p>Ich freue mich darauf, mit m\u00f6glichst vielen von euch dort umzugraben!<\/p>\n<p>Mit schwarz-wei\u00dfen Gr\u00fc\u00dfen,<br \/>\nThomas &#8222;Tossi&#8220;<\/p>\n<p><a href=\"https:\/\/www.friedhofstribuene.at\/wordpress\/wp-content\/uploads\/2024\/07\/PXL_20240627_145242773-scaled.jpg\"><img loading=\"lazy\" decoding=\"async\" class=\"alignnone size-medium wp-image-6673\" src=\"https:\/\/www.friedhofstribuene.at\/wordpress\/wp-content\/uploads\/2024\/07\/PXL_20240627_145242773-225x300.jpg\" alt=\"\" width=\"225\" height=\"300\" srcset=\"https:\/\/www.friedhofstribuene.at\/wordpress\/wp-content\/uploads\/2024\/07\/PXL_20240627_145242773-225x300.jpg 225w, https:\/\/www.friedhofstribuene.at\/wordpress\/wp-content\/uploads\/2024\/07\/PXL_20240627_145242773-768x1024.jpg 768w, https:\/\/www.friedhofstribuene.at\/wordpress\/wp-content\/uploads\/2024\/07\/PXL_20240627_145242773-1152x1536.jpg 1152w, https:\/\/www.friedhofstribuene.at\/wordpress\/wp-content\/uploads\/2024\/07\/PXL_20240627_145242773-1536x2048.jpg 1536w, https:\/\/www.friedhofstribuene.at\/wordpress\/wp-content\/uploads\/2024\/07\/PXL_20240627_145242773-scaled.jpg 1920w\" sizes=\"auto, (max-width: 225px) 100vw, 225px\" \/><\/a> <a href=\"https:\/\/www.friedhofstribuene.at\/wordpress\/wp-content\/uploads\/2024\/07\/PXL_20240627_145533333-scaled.jpg\"><img loading=\"lazy\" decoding=\"async\" class=\"alignnone size-medium wp-image-6675\" src=\"https:\/\/www.friedhofstribuene.at\/wordpress\/wp-content\/uploads\/2024\/07\/PXL_20240627_145533333-225x300.jpg\" alt=\"\" width=\"225\" height=\"300\" srcset=\"https:\/\/www.friedhofstribuene.at\/wordpress\/wp-content\/uploads\/2024\/07\/PXL_20240627_145533333-225x300.jpg 225w, https:\/\/www.friedhofstribuene.at\/wordpress\/wp-content\/uploads\/2024\/07\/PXL_20240627_145533333-768x1024.jpg 768w, https:\/\/www.friedhofstribuene.at\/wordpress\/wp-content\/uploads\/2024\/07\/PXL_20240627_145533333-1152x1536.jpg 1152w, https:\/\/www.friedhofstribuene.at\/wordpress\/wp-content\/uploads\/2024\/07\/PXL_20240627_145533333-1536x2048.jpg 1536w, https:\/\/www.friedhofstribuene.at\/wordpress\/wp-content\/uploads\/2024\/07\/PXL_20240627_145533333-scaled.jpg 1920w\" sizes=\"auto, (max-width: 225px) 100vw, 225px\" \/><\/a> <a href=\"https:\/\/www.friedhofstribuene.at\/wordpress\/wp-content\/uploads\/2024\/07\/PXL_20240627_145536926-scaled.jpg\"><img loading=\"lazy\" decoding=\"async\" class=\"alignnone size-medium wp-image-6676\" src=\"https:\/\/www.friedhofstribuene.at\/wordpress\/wp-content\/uploads\/2024\/07\/PXL_20240627_145536926-225x300.jpg\" alt=\"\" width=\"225\" height=\"300\" srcset=\"https:\/\/www.friedhofstribuene.at\/wordpress\/wp-content\/uploads\/2024\/07\/PXL_20240627_145536926-225x300.jpg 225w, https:\/\/www.friedhofstribuene.at\/wordpress\/wp-content\/uploads\/2024\/07\/PXL_20240627_145536926-768x1024.jpg 768w, https:\/\/www.friedhofstribuene.at\/wordpress\/wp-content\/uploads\/2024\/07\/PXL_20240627_145536926-1152x1536.jpg 1152w, https:\/\/www.friedhofstribuene.at\/wordpress\/wp-content\/uploads\/2024\/07\/PXL_20240627_145536926-1536x2048.jpg 1536w, https:\/\/www.friedhofstribuene.at\/wordpress\/wp-content\/uploads\/2024\/07\/PXL_20240627_145536926-scaled.jpg 1920w\" sizes=\"auto, (max-width: 225px) 100vw, 225px\" \/><\/a> <a href=\"https:\/\/www.friedhofstribuene.at\/wordpress\/wp-content\/uploads\/2024\/07\/PXL_20240627_145633487-scaled.jpg\"><img loading=\"lazy\" decoding=\"async\" class=\"alignnone size-medium wp-image-6677\" src=\"https:\/\/www.friedhofstribuene.at\/wordpress\/wp-content\/uploads\/2024\/07\/PXL_20240627_145633487-225x300.jpg\" alt=\"\" width=\"225\" height=\"300\" srcset=\"https:\/\/www.friedhofstribuene.at\/wordpress\/wp-content\/uploads\/2024\/07\/PXL_20240627_145633487-225x300.jpg 225w, https:\/\/www.friedhofstribuene.at\/wordpress\/wp-content\/uploads\/2024\/07\/PXL_20240627_145633487-768x1024.jpg 768w, https:\/\/www.friedhofstribuene.at\/wordpress\/wp-content\/uploads\/2024\/07\/PXL_20240627_145633487-1152x1536.jpg 1152w, https:\/\/www.friedhofstribuene.at\/wordpress\/wp-content\/uploads\/2024\/07\/PXL_20240627_145633487-1536x2048.jpg 1536w, https:\/\/www.friedhofstribuene.at\/wordpress\/wp-content\/uploads\/2024\/07\/PXL_20240627_145633487-scaled.jpg 1920w\" sizes=\"auto, (max-width: 225px) 100vw, 225px\" \/><\/a> <a href=\"https:\/\/www.friedhofstribuene.at\/wordpress\/wp-content\/uploads\/2024\/07\/PXL_20240627_145728319-1.jpg\"><img loading=\"lazy\" decoding=\"async\" class=\"alignnone size-medium wp-image-6678\" src=\"https:\/\/www.friedhofstribuene.at\/wordpress\/wp-content\/uploads\/2024\/07\/PXL_20240627_145728319-1-300x225.jpg\" alt=\"\" width=\"300\" height=\"225\" srcset=\"https:\/\/www.friedhofstribuene.at\/wordpress\/wp-content\/uploads\/2024\/07\/PXL_20240627_145728319-1-300x225.jpg 300w, https:\/\/www.friedhofstribuene.at\/wordpress\/wp-content\/uploads\/2024\/07\/PXL_20240627_145728319-1-1024x768.jpg 1024w, https:\/\/www.friedhofstribuene.at\/wordpress\/wp-content\/uploads\/2024\/07\/PXL_20240627_145728319-1-768x576.jpg 768w, https:\/\/www.friedhofstribuene.at\/wordpress\/wp-content\/uploads\/2024\/07\/PXL_20240627_145728319-1.jpg 1118w\" sizes=\"auto, (max-width: 300px) 100vw, 300px\" \/><\/a>&#8222;<\/p>\n","protected":false},"excerpt":{"rendered":"<p>Liebe Sportclub-Familie, wie ihr mitbekommen habt, findet das erste Spiel der neuen Saison am 10.8.2024 im&nbsp;WSC Trainingszentrum, Erdbrustgasse 4-18 in Ottakring statt. Leider wurde keine Zwischenl\u00f6sungs-Trib\u00fcne bewilligt\/best\u00e4tigt bzw. ist nicht leistbar. Dementsprechend sollen die bestehenden R\u00e4ume um das Spielfeld &#8211; &hellip; <a href=\"https:\/\/www.friedhofstribuene.at\/wordpress\/sonntag-20-7-trainingszentrum-des-wsc-1600-uhr\/\">Weiterlesen <span class=\"meta-nav\">&rarr;<\/span><\/a><\/p>\n","protected":false},"author":6,"featured_media":0,"comment_status":"closed","ping_status":"open","sticky":false,"template":"","format":"standard","meta":{"ngg_post_thumbnail":0,"footnotes":""},"categories":[1],"tags":[],"class_list":["post-6671","post","type-post","status-publish","format-standard","hentry","category-allgemein"],"_links":{"self":[{"href":"https:\/\/www.friedhofstribuene.at\/wordpress\/wp-json\/wp\/v2\/posts\/6671","targetHints":{"allow":["GET"]}}],"collection":[{"href":"https:\/\/www.friedhofstribuene.at\/wordpress\/wp-json\/wp\/v2\/posts"}],"about":[{"href":"https:\/\/www.friedhofstribuene.at\/wordpress\/wp-json\/wp\/v2\/types\/post"}],"author":[{"embeddable":true,"href":"https:\/\/www.friedhofstribuene.at\/wordpress\/wp-json\/wp\/v2\/users\/6"}],"replies":[{"embeddable":true,"href":"https:\/\/www.friedhofstribuene.at\/wordpress\/wp-json\/wp\/v2\/comments?post=6671"}],"version-history":[{"count":4,"href":"https:\/\/www.friedhofstribuene.at\/wordpress\/wp-json\/wp\/v2\/posts\/6671\/revisions"}],"predecessor-version":[{"id":6682,"href":"https:\/\/www.friedhofstribuene.at\/wordpress\/wp-json\/wp\/v2\/posts\/6671\/revisions\/6682"}],"wp:attachment":[{"href":"https:\/\/www.friedhofstribuene.at\/wordpress\/wp-json\/wp\/v2\/media?parent=6671"}],"wp:term":[{"taxonomy":"category","embeddable":true,"href":"https:\/\/www.friedhofstribuene.at\/wordpress\/wp-json\/wp\/v2\/categories?post=6671"},{"taxonomy":"post_tag","embeddable":true,"href":"https:\/\/www.friedhofstribuene.at\/wordpress\/wp-json\/wp\/v2\/tags?post=6671"}],"curies":[{"name":"wp","href":"https:\/\/api.w.org\/{rel}","templated":true}]}}