{"id":6690,"date":"2024-07-24T14:14:04","date_gmt":"2024-07-24T12:14:04","guid":{"rendered":"https:\/\/www.friedhofstribuene.at\/wordpress\/?p=6690"},"modified":"2024-07-24T14:53:03","modified_gmt":"2024-07-24T12:53:03","slug":"3-8-bus-nach-krems","status":"publish","type":"post","link":"https:\/\/www.friedhofstribuene.at\/wordpress\/3-8-bus-nach-krems\/","title":{"rendered":"3.8. Bus nach Krems"},"content":{"rendered":"<p>Es geht wieder los! Die Regionalligasaison startet gleich mit einem Highlight, dem Ausw\u00e4rtsspiel in Krems. Das Sepp-Doll-Stadion ist zumindest in dieser Saison das wohl geschichtstr\u00e4chtigste Stadion der Liga. F\u00fcr die Gastgeber ist das schwarz-wei\u00dfe Traditionsduell ausnahmsweise nicht das gr\u00f6\u00dfte Spiel der Saison, tritt doch eine Woche zuvor der gleichfarbige \u00f6sterreichische Meister aus Graz im Cup in der Wachau an.<\/p>\n<p>Wie unsere Trainingszentrum-Heimspiele, finden in der Herbstsaison auch die meisten Ausw\u00e4rtsspiele an einem Samstag statt. Tombola &amp; Busbar sind nat\u00fcrlich trotzdem an Bord.<br \/>\nUm ein gemeinsames Baustellenschauen zu erm\u00f6glichen, bleibt der Abfahrtsort der ersten Busfahrt in der Alszeile, jedoch ein paar Meter weiter stadtausw\u00e4rts als gewohnt. Beim Dornbacher Friedhof &#8211; Alszeile 28 &#8211; gibt es ein \u00f6ffentliches WC sowie eine Parkm\u00f6glichkeit.<br \/>\nWie immer ist auch eine einfache Fahrt sowie eine Radmitnahme m\u00f6glich. Aus organisatorischen Gr\u00fcnden bitte ab dieser Saison Anmeldungen nur mehr \u00fcber Mail, Handy oder pers\u00f6nlich.<\/p>\n<p><strong>Samstag, 3.8.2024<\/strong><br \/>\n<strong>Kremser SC \u2013 Wiener Sport-Club<\/strong><br \/>\n<strong>Abfahrt Dornbacher Friedhof (Alszeile 28) 16:00<\/strong><br \/>\n<strong>Anpfiff 18:00<\/strong><br \/>\n<strong>R\u00fcckkehr ca. 21:15<\/strong><br \/>\n<strong>Kosten 15\u20ac<\/strong><\/p>\n<p>Tipp: Vorm Baustellenflanieren bietet sich ein Besuch des Alszeilenmarktes an.&nbsp;<\/p>\n<p>Die <strong>Anmeldung<\/strong> zu den Busfahrten ist <strong>\u00fcber folgende Kan\u00e4le m\u00f6glich:<\/strong><br \/>\n<strong>\u2013 pers\u00f6nlich <\/strong>beim Reiseleitungsteam<br \/>\n<strong>\u2013 fhtontour@friedhofstribuene.at<\/strong><br \/>\n<strong>\u2013 0677-62796817<\/strong> \u2013 Anruf, SMS, Signal, WhatsApp, Telegram<\/p>\n","protected":false},"excerpt":{"rendered":"<p>Es geht wieder los! Die Regionalligasaison startet gleich mit einem Highlight, dem Ausw\u00e4rtsspiel in Krems. Das Sepp-Doll-Stadion ist zumindest in dieser Saison das wohl geschichtstr\u00e4chtigste Stadion der Liga. F\u00fcr die Gastgeber ist das schwarz-wei\u00dfe Traditionsduell ausnahmsweise nicht das gr\u00f6\u00dfte Spiel &hellip; <a href=\"https:\/\/www.friedhofstribuene.at\/wordpress\/3-8-bus-nach-krems\/\">Weiterlesen <span class=\"meta-nav\">&rarr;<\/span><\/a><\/p>\n","protected":false},"author":8,"featured_media":0,"comment_status":"closed","ping_status":"open","sticky":false,"template":"","format":"standard","meta":{"ngg_post_thumbnail":0,"footnotes":""},"categories":[152],"tags":[],"class_list":["post-6690","post","type-post","status-publish","format-standard","hentry","category-on-tour"],"_links":{"self":[{"href":"https:\/\/www.friedhofstribuene.at\/wordpress\/wp-json\/wp\/v2\/posts\/6690","targetHints":{"allow":["GET"]}}],"collection":[{"href":"https:\/\/www.friedhofstribuene.at\/wordpress\/wp-json\/wp\/v2\/posts"}],"about":[{"href":"https:\/\/www.friedhofstribuene.at\/wordpress\/wp-json\/wp\/v2\/types\/post"}],"author":[{"embeddable":true,"href":"https:\/\/www.friedhofstribuene.at\/wordpress\/wp-json\/wp\/v2\/users\/8"}],"replies":[{"embeddable":true,"href":"https:\/\/www.friedhofstribuene.at\/wordpress\/wp-json\/wp\/v2\/comments?post=6690"}],"version-history":[{"count":6,"href":"https:\/\/www.friedhofstribuene.at\/wordpress\/wp-json\/wp\/v2\/posts\/6690\/revisions"}],"predecessor-version":[{"id":6696,"href":"https:\/\/www.friedhofstribuene.at\/wordpress\/wp-json\/wp\/v2\/posts\/6690\/revisions\/6696"}],"wp:attachment":[{"href":"https:\/\/www.friedhofstribuene.at\/wordpress\/wp-json\/wp\/v2\/media?parent=6690"}],"wp:term":[{"taxonomy":"category","embeddable":true,"href":"https:\/\/www.friedhofstribuene.at\/wordpress\/wp-json\/wp\/v2\/categories?post=6690"},{"taxonomy":"post_tag","embeddable":true,"href":"https:\/\/www.friedhofstribuene.at\/wordpress\/wp-json\/wp\/v2\/tags?post=6690"}],"curies":[{"name":"wp","href":"https:\/\/api.w.org\/{rel}","templated":true}]}}