{"id":6701,"date":"2024-08-07T13:20:00","date_gmt":"2024-08-07T11:20:00","guid":{"rendered":"https:\/\/www.friedhofstribuene.at\/wordpress\/?p=6701"},"modified":"2024-08-07T13:20:00","modified_gmt":"2024-08-07T11:20:00","slug":"samstag-10-8","status":"publish","type":"post","link":"https:\/\/www.friedhofstribuene.at\/wordpress\/samstag-10-8\/","title":{"rendered":"Samstag 10.8"},"content":{"rendered":"<p>Zwar hat die Annemarie (vormals &#8222;Die Schweiger&#8220;) ihre Tore erst ab 22.8. ge\u00f6ffnet, trotzdem freuen sich die Freund*innen der Friedhofstrib\u00fcne, euch am Samstag, 10.8. nach dem Spiel zu einer Saisonopening Party im Keller der Annemarie einladen zu d\u00fcrfen.<\/p>\n<p>Annemarie (Hernalser Hauptstra\u00dfe 212, Eingang ums Eck &#8211; Kainzgasse)<br \/>\nBeginn nach dem Match &#8211; ab ca. 19 Uhr<br \/>\nErreichbar vom Trainingszentrum mit den Linien 10, S45, oder 2<a href=\"https:\/\/www.friedhofstribuene.at\/wordpress\/wp-content\/uploads\/2024\/08\/Hernalser-Hptstr-212.png\"><img loading=\"lazy\" decoding=\"async\" class=\"alignnone  wp-image-6702\" src=\"https:\/\/www.friedhofstribuene.at\/wordpress\/wp-content\/uploads\/2024\/08\/Hernalser-Hptstr-212-300x185.png\" alt=\"\" width=\"388\" height=\"239\" srcset=\"https:\/\/www.friedhofstribuene.at\/wordpress\/wp-content\/uploads\/2024\/08\/Hernalser-Hptstr-212-300x185.png 300w, https:\/\/www.friedhofstribuene.at\/wordpress\/wp-content\/uploads\/2024\/08\/Hernalser-Hptstr-212-1024x630.png 1024w, https:\/\/www.friedhofstribuene.at\/wordpress\/wp-content\/uploads\/2024\/08\/Hernalser-Hptstr-212-768x473.png 768w, https:\/\/www.friedhofstribuene.at\/wordpress\/wp-content\/uploads\/2024\/08\/Hernalser-Hptstr-212.png 1318w\" sizes=\"auto, (max-width: 388px) 100vw, 388px\" \/><\/a>&nbsp;<\/p>\n<p><a href=\"https:\/\/www.friedhofstribuene.at\/wordpress\/wp-content\/uploads\/2024\/08\/IMG-20240807-WA0002-scaled.jpg\"><img loading=\"lazy\" decoding=\"async\" class=\"alignnone  wp-image-6703\" src=\"https:\/\/www.friedhofstribuene.at\/wordpress\/wp-content\/uploads\/2024\/08\/IMG-20240807-WA0002-225x300.jpg\" alt=\"\" width=\"301\" height=\"401\" srcset=\"https:\/\/www.friedhofstribuene.at\/wordpress\/wp-content\/uploads\/2024\/08\/IMG-20240807-WA0002-225x300.jpg 225w, https:\/\/www.friedhofstribuene.at\/wordpress\/wp-content\/uploads\/2024\/08\/IMG-20240807-WA0002-768x1024.jpg 768w, https:\/\/www.friedhofstribuene.at\/wordpress\/wp-content\/uploads\/2024\/08\/IMG-20240807-WA0002-1152x1536.jpg 1152w, https:\/\/www.friedhofstribuene.at\/wordpress\/wp-content\/uploads\/2024\/08\/IMG-20240807-WA0002-1536x2048.jpg 1536w, https:\/\/www.friedhofstribuene.at\/wordpress\/wp-content\/uploads\/2024\/08\/IMG-20240807-WA0002-scaled.jpg 1920w\" sizes=\"auto, (max-width: 301px) 100vw, 301px\" \/><\/a><\/p>\n","protected":false},"excerpt":{"rendered":"<p>Zwar hat die Annemarie (vormals &#8222;Die Schweiger&#8220;) ihre Tore erst ab 22.8. ge\u00f6ffnet, trotzdem freuen sich die Freund*innen der Friedhofstrib\u00fcne, euch am Samstag, 10.8. nach dem Spiel zu einer Saisonopening Party im Keller der Annemarie einladen zu d\u00fcrfen. Annemarie (Hernalser &hellip; <a href=\"https:\/\/www.friedhofstribuene.at\/wordpress\/samstag-10-8\/\">Weiterlesen <span class=\"meta-nav\">&rarr;<\/span><\/a><\/p>\n","protected":false},"author":6,"featured_media":0,"comment_status":"closed","ping_status":"open","sticky":false,"template":"","format":"standard","meta":{"ngg_post_thumbnail":0,"footnotes":""},"categories":[1],"tags":[],"class_list":["post-6701","post","type-post","status-publish","format-standard","hentry","category-allgemein"],"_links":{"self":[{"href":"https:\/\/www.friedhofstribuene.at\/wordpress\/wp-json\/wp\/v2\/posts\/6701","targetHints":{"allow":["GET"]}}],"collection":[{"href":"https:\/\/www.friedhofstribuene.at\/wordpress\/wp-json\/wp\/v2\/posts"}],"about":[{"href":"https:\/\/www.friedhofstribuene.at\/wordpress\/wp-json\/wp\/v2\/types\/post"}],"author":[{"embeddable":true,"href":"https:\/\/www.friedhofstribuene.at\/wordpress\/wp-json\/wp\/v2\/users\/6"}],"replies":[{"embeddable":true,"href":"https:\/\/www.friedhofstribuene.at\/wordpress\/wp-json\/wp\/v2\/comments?post=6701"}],"version-history":[{"count":2,"href":"https:\/\/www.friedhofstribuene.at\/wordpress\/wp-json\/wp\/v2\/posts\/6701\/revisions"}],"predecessor-version":[{"id":6705,"href":"https:\/\/www.friedhofstribuene.at\/wordpress\/wp-json\/wp\/v2\/posts\/6701\/revisions\/6705"}],"wp:attachment":[{"href":"https:\/\/www.friedhofstribuene.at\/wordpress\/wp-json\/wp\/v2\/media?parent=6701"}],"wp:term":[{"taxonomy":"category","embeddable":true,"href":"https:\/\/www.friedhofstribuene.at\/wordpress\/wp-json\/wp\/v2\/categories?post=6701"},{"taxonomy":"post_tag","embeddable":true,"href":"https:\/\/www.friedhofstribuene.at\/wordpress\/wp-json\/wp\/v2\/tags?post=6701"}],"curies":[{"name":"wp","href":"https:\/\/api.w.org\/{rel}","templated":true}]}}