{"id":6706,"date":"2024-08-16T09:05:21","date_gmt":"2024-08-16T07:05:21","guid":{"rendered":"https:\/\/www.friedhofstribuene.at\/wordpress\/?p=6706"},"modified":"2024-08-16T09:05:21","modified_gmt":"2024-08-16T07:05:21","slug":"mittwoch-21-8","status":"publish","type":"post","link":"https:\/\/www.friedhofstribuene.at\/wordpress\/mittwoch-21-8\/","title":{"rendered":"Mittwoch 21.8"},"content":{"rendered":"<p>Das n\u00e4chste Treffen der Friedhofstrib\u00fcne findet am Mi 21.8 ab 19 Uhr in der Annemarie statt ( Hernalser Hauptstra\u00dfe 212)<\/p>\n","protected":false},"excerpt":{"rendered":"<p>Das n\u00e4chste Treffen der Friedhofstrib\u00fcne findet am Mi 21.8 ab 19 Uhr in der Annemarie statt ( Hernalser Hauptstra\u00dfe 212)<\/p>\n","protected":false},"author":6,"featured_media":0,"comment_status":"closed","ping_status":"open","sticky":false,"template":"","format":"standard","meta":{"ngg_post_thumbnail":0,"footnotes":""},"categories":[1],"tags":[],"class_list":["post-6706","post","type-post","status-publish","format-standard","hentry","category-allgemein"],"_links":{"self":[{"href":"https:\/\/www.friedhofstribuene.at\/wordpress\/wp-json\/wp\/v2\/posts\/6706","targetHints":{"allow":["GET"]}}],"collection":[{"href":"https:\/\/www.friedhofstribuene.at\/wordpress\/wp-json\/wp\/v2\/posts"}],"about":[{"href":"https:\/\/www.friedhofstribuene.at\/wordpress\/wp-json\/wp\/v2\/types\/post"}],"author":[{"embeddable":true,"href":"https:\/\/www.friedhofstribuene.at\/wordpress\/wp-json\/wp\/v2\/users\/6"}],"replies":[{"embeddable":true,"href":"https:\/\/www.friedhofstribuene.at\/wordpress\/wp-json\/wp\/v2\/comments?post=6706"}],"version-history":[{"count":1,"href":"https:\/\/www.friedhofstribuene.at\/wordpress\/wp-json\/wp\/v2\/posts\/6706\/revisions"}],"predecessor-version":[{"id":6707,"href":"https:\/\/www.friedhofstribuene.at\/wordpress\/wp-json\/wp\/v2\/posts\/6706\/revisions\/6707"}],"wp:attachment":[{"href":"https:\/\/www.friedhofstribuene.at\/wordpress\/wp-json\/wp\/v2\/media?parent=6706"}],"wp:term":[{"taxonomy":"category","embeddable":true,"href":"https:\/\/www.friedhofstribuene.at\/wordpress\/wp-json\/wp\/v2\/categories?post=6706"},{"taxonomy":"post_tag","embeddable":true,"href":"https:\/\/www.friedhofstribuene.at\/wordpress\/wp-json\/wp\/v2\/tags?post=6706"}],"curies":[{"name":"wp","href":"https:\/\/api.w.org\/{rel}","templated":true}]}}