{"id":6749,"date":"2024-10-17T14:54:17","date_gmt":"2024-10-17T12:54:17","guid":{"rendered":"https:\/\/www.friedhofstribuene.at\/wordpress\/?p=6749"},"modified":"2024-10-17T14:57:45","modified_gmt":"2024-10-17T12:57:45","slug":"tagesordnung-der-mitgliederversammlung-am-24-10-24","status":"publish","type":"post","link":"https:\/\/www.friedhofstribuene.at\/wordpress\/tagesordnung-der-mitgliederversammlung-am-24-10-24\/","title":{"rendered":"Tagesordnung der Mitgliederversammlung  am 24.10.24"},"content":{"rendered":"<p>Unsere Mitgliederversammlung findet am 24.10.24 ab 18:30 Uhr in der Annemarie ( Hernalser Hauptstra\u00dfe 212) statt.<br \/>\nStimmberechtigt sind alle Mitglieder, welche den Jahresbeitrag gezahlt haben.<br \/>\nDer Beitrag in H\u00f6he von 15\u20ac kann \u00fcberwiesen oder vor Beginn der Versammlung in Bar eingezahlt werden.<br \/>\nAT744300040176440002<br \/>\nFreund*innen d. Friedhofstrib\u00fcne<br \/>\nBei Fragen bitte an <a href=\"mailto:mitglieder@friedhofstribuene.at\" target=\"_blank\" rel=\"nofollow noopener\">mitglieder@friedhofstribuene.at<\/a> schreiben.<\/p>\n<p>Tagesordnung<\/p>\n<p>Feststellung der Beschlussf\u00e4higkeit<br \/>\nVerlesung des Protokolls der letzten MV<br \/>\nAntr\u00e4ge an die MV<br \/>\nBericht des Kassiers<br \/>\nBericht der Rechnungspr\u00fcfer<br \/>\nWahl des neuen Vorstandes<br \/>\nWahl der Rechnungspr\u00fcfer<br \/>\nWahl der VertreterInnen in Sektion und Vorstand des WSC<br \/>\nAllf\u00e4lliges<\/p>\n<p>Es gibt einen Antrag auf \u00c4nderung der Statuten<br \/>\nDie aktuellen Statuten finden sich hier<br \/>\n<a href=\"https:\/\/www.friedhofstribuene.at\/wordpress\/wp-content\/uploads\/2021\/01\/Statuten-FHT-2020.pdf\" target=\"_blank\" rel=\"nofollow noopener\">https:\/\/www.friedhofstribuene.at\/wordpress\/wp-content\/uploads\/2021\/01\/Statuten-FHT-2020.pdf<\/a><\/p>\n<p>Bisher:<br \/>\n\u00a7 10 Vorstand<br \/>\n(1) Der Vorstand setzt sich aus dem\/der Vorsitzenden, dem\/der Schriftf\u00fchrer*in und dem\/der Kassier*in sowie deren<br \/>\nStellvertreter*innen zusammen, wobei die Funktionen des\/der Schriftf\u00fchrer*in und des\/der Kassier*in auch von<br \/>\nderselben Person ausge\u00fcbt werden k\u00f6nnen und kein\/e Stellvertreter*in dem Vorstand angeh\u00f6ren m\u00fcssen.<\/p>\n<p>(5) Der Vorstand entscheidet mit einfacher Mehrheit, bei Stimmengleichheit entscheidet die Stimme des\/der<br \/>\nVorsitzenden.<\/p>\n<p>Vorschlag:<br \/>\n(1) Der Vorstand setzt sich aus mind. drei Personen zusammen.<\/p>\n<p>(5) Der Vorstand entscheidet mit einfacher Mehrheit<\/p>\n<p>Vereinsgesetz<br \/>\n<a href=\"https:\/\/www.ris.bka.gv.at\/GeltendeFassung.wxe?Abfrage=Bundesnormen&amp;Gesetzesnummer=20001917\" target=\"_blank\" rel=\"nofollow noopener\">https:\/\/www.ris.bka.gv.at\/GeltendeFassung.wxe?Abfrage=Bundesnormen&amp;Gesetzesnummer=20001917<\/a><br \/>\nOrgane, Pr\u00fcfer<br \/>\n\u00a7 5.<br \/>\n(3)Das Leitungsorgan muss aus mindestens zwei Personen bestehen. Zu seinen Mitgliedern d\u00fcrfen nur nat\u00fcrliche Personen bestellt werden. Mit der Gesch\u00e4ftsf\u00fchrung und der Vertretung k\u00f6nnen auch mehrere beziehungsweise verschiedene Vereinsorgane betraut sein. Innerhalb eines Vereinsorgans k\u00f6nnen die Gesch\u00e4fte und Vertretungsaufgaben auch aufgeteilt werden.<\/p>\n<p>Das Protokoll der letzten Mitgliederversammlung wird nachgereicht bzw. liegt vor Ort auf.&nbsp;<\/p>\n<p>Mit schwarz wei\u00dfen Gr\u00fc\u00dfen<br \/>\nDer Vorstand<\/p>\n","protected":false},"excerpt":{"rendered":"<p>Unsere Mitgliederversammlung findet am 24.10.24 ab 18:30 Uhr in der Annemarie ( Hernalser Hauptstra\u00dfe 212) statt. Stimmberechtigt sind alle Mitglieder, welche den Jahresbeitrag gezahlt haben. Der Beitrag in H\u00f6he von 15\u20ac kann \u00fcberwiesen oder vor Beginn der Versammlung in Bar &hellip; <a href=\"https:\/\/www.friedhofstribuene.at\/wordpress\/tagesordnung-der-mitgliederversammlung-am-24-10-24\/\">Weiterlesen <span class=\"meta-nav\">&rarr;<\/span><\/a><\/p>\n","protected":false},"author":6,"featured_media":0,"comment_status":"closed","ping_status":"open","sticky":false,"template":"","format":"standard","meta":{"ngg_post_thumbnail":0,"footnotes":""},"categories":[1],"tags":[],"class_list":["post-6749","post","type-post","status-publish","format-standard","hentry","category-allgemein"],"_links":{"self":[{"href":"https:\/\/www.friedhofstribuene.at\/wordpress\/wp-json\/wp\/v2\/posts\/6749","targetHints":{"allow":["GET"]}}],"collection":[{"href":"https:\/\/www.friedhofstribuene.at\/wordpress\/wp-json\/wp\/v2\/posts"}],"about":[{"href":"https:\/\/www.friedhofstribuene.at\/wordpress\/wp-json\/wp\/v2\/types\/post"}],"author":[{"embeddable":true,"href":"https:\/\/www.friedhofstribuene.at\/wordpress\/wp-json\/wp\/v2\/users\/6"}],"replies":[{"embeddable":true,"href":"https:\/\/www.friedhofstribuene.at\/wordpress\/wp-json\/wp\/v2\/comments?post=6749"}],"version-history":[{"count":4,"href":"https:\/\/www.friedhofstribuene.at\/wordpress\/wp-json\/wp\/v2\/posts\/6749\/revisions"}],"predecessor-version":[{"id":6755,"href":"https:\/\/www.friedhofstribuene.at\/wordpress\/wp-json\/wp\/v2\/posts\/6749\/revisions\/6755"}],"wp:attachment":[{"href":"https:\/\/www.friedhofstribuene.at\/wordpress\/wp-json\/wp\/v2\/media?parent=6749"}],"wp:term":[{"taxonomy":"category","embeddable":true,"href":"https:\/\/www.friedhofstribuene.at\/wordpress\/wp-json\/wp\/v2\/categories?post=6749"},{"taxonomy":"post_tag","embeddable":true,"href":"https:\/\/www.friedhofstribuene.at\/wordpress\/wp-json\/wp\/v2\/tags?post=6749"}],"curies":[{"name":"wp","href":"https:\/\/api.w.org\/{rel}","templated":true}]}}