{"id":6829,"date":"2025-01-18T10:08:00","date_gmt":"2025-01-18T08:08:00","guid":{"rendered":"https:\/\/www.friedhofstribuene.at\/wordpress\/?p=6829"},"modified":"2025-01-18T10:08:00","modified_gmt":"2025-01-18T08:08:00","slug":"23-1-naechstes-fht-treffen","status":"publish","type":"post","link":"https:\/\/www.friedhofstribuene.at\/wordpress\/23-1-naechstes-fht-treffen\/","title":{"rendered":"23.1 n\u00e4chstes FHT Treffen"},"content":{"rendered":"<p>Am Donnerstag den 23.1 findet das n\u00e4chste Treffen der FHT statt. Wie immer ab 19:00 Uhr in der Annemarie (Hernalser Hauptstra\u00dfe 212)<\/p>\n<p>&nbsp;<\/p>\n","protected":false},"excerpt":{"rendered":"<p>Am Donnerstag den 23.1 findet das n\u00e4chste Treffen der FHT statt. Wie immer ab 19:00 Uhr in der Annemarie (Hernalser Hauptstra\u00dfe 212) &nbsp;<\/p>\n","protected":false},"author":6,"featured_media":0,"comment_status":"closed","ping_status":"open","sticky":false,"template":"","format":"standard","meta":{"ngg_post_thumbnail":0,"footnotes":""},"categories":[1],"tags":[],"class_list":["post-6829","post","type-post","status-publish","format-standard","hentry","category-allgemein"],"_links":{"self":[{"href":"https:\/\/www.friedhofstribuene.at\/wordpress\/wp-json\/wp\/v2\/posts\/6829","targetHints":{"allow":["GET"]}}],"collection":[{"href":"https:\/\/www.friedhofstribuene.at\/wordpress\/wp-json\/wp\/v2\/posts"}],"about":[{"href":"https:\/\/www.friedhofstribuene.at\/wordpress\/wp-json\/wp\/v2\/types\/post"}],"author":[{"embeddable":true,"href":"https:\/\/www.friedhofstribuene.at\/wordpress\/wp-json\/wp\/v2\/users\/6"}],"replies":[{"embeddable":true,"href":"https:\/\/www.friedhofstribuene.at\/wordpress\/wp-json\/wp\/v2\/comments?post=6829"}],"version-history":[{"count":1,"href":"https:\/\/www.friedhofstribuene.at\/wordpress\/wp-json\/wp\/v2\/posts\/6829\/revisions"}],"predecessor-version":[{"id":6830,"href":"https:\/\/www.friedhofstribuene.at\/wordpress\/wp-json\/wp\/v2\/posts\/6829\/revisions\/6830"}],"wp:attachment":[{"href":"https:\/\/www.friedhofstribuene.at\/wordpress\/wp-json\/wp\/v2\/media?parent=6829"}],"wp:term":[{"taxonomy":"category","embeddable":true,"href":"https:\/\/www.friedhofstribuene.at\/wordpress\/wp-json\/wp\/v2\/categories?post=6829"},{"taxonomy":"post_tag","embeddable":true,"href":"https:\/\/www.friedhofstribuene.at\/wordpress\/wp-json\/wp\/v2\/tags?post=6829"}],"curies":[{"name":"wp","href":"https:\/\/api.w.org\/{rel}","templated":true}]}}