{"id":6844,"date":"2025-02-26T07:17:49","date_gmt":"2025-02-26T05:17:49","guid":{"rendered":"https:\/\/www.friedhofstribuene.at\/wordpress\/?p=6844"},"modified":"2025-02-26T00:06:32","modified_gmt":"2025-02-25T22:06:32","slug":"7-3-2025-bus-nach-oberwart","status":"publish","type":"post","link":"https:\/\/www.friedhofstribuene.at\/wordpress\/7-3-2025-bus-nach-oberwart\/","title":{"rendered":"7.3.2025 \u2013 Bus nach Oberwart"},"content":{"rendered":"<p>Es geht wieder los, knapp vier Monate nach dem letzten RLO-Match startet der WSC mit neuem alten Trainer ins Fr\u00fchjahr. Das erste Ausw\u00e4rtsmatch 2025 bringt uns gleich das Highlight: die weiteste Fahrt des Jahres zu den starken Oberwartern steht an. Die S\u00fcdburgenl\u00e4nder haben auf dem zweiten Platz \u00fcberwintert und sind nach dem Abwinken des Kremser SC wohl der realistischste Aufstiegskandidat aus der Ostregion.<\/p>\n<p>Abfahrt ist diesmal wieder beim Dornbacher Friedhof (Alszeile 28). Somit bietet sich vor und nach der Fahrt ein Besuch bei Annemarie sowie ein Baustellenflanieren am Sportclubplatz an. An dieser Stelle schon mal der Hinweis, dass der Abfahrtsort in diesem Fr\u00fchjahr variieren wird.<\/p>\n<p>Eventuell gibts einen kurzen Zustiegsstopp in Sch\u00f6nbrunn, bitte bei der Anmeldung bekannt geben. Auf nach Oberwart mit Tombola, Busbar &amp; Rauchpause!<\/p>\n<p><strong>Freitag, 7.3.2025<\/strong><br \/>\n<strong>SV Oberwart \u2013 Wiener Sport-Club<\/strong><br \/>\n<strong>Abfahrt Dornbacher Friedhof (Alszeile 28) 16:45<\/strong><br \/>\n<strong>Anpfiff 19:30<\/strong><br \/>\n<strong>R\u00fcckkehr ca. 23:30<\/strong><br \/>\n<strong>Kosten ca. 15\u20ac<\/strong><\/p>\n<p>Die <strong>Anmeldung<\/strong> zu den Busfahrten ist <strong>\u00fcber folgende Kan\u00e4le<\/strong> m\u00f6glich:<br \/>\n\u2013 pers\u00f6nlich beim Reiseleitungsteam<br \/>\n\u2013 fhtontour@friedhofstribuene.at<br \/>\n\u2013 0677-62796817 \u2013 Anruf, SMS, Signal, WhatsApp, Telegram<\/p>\n<p><em>F\u00fcr Individualanreisende:<\/em><br \/>\nIm OHO l\u00e4uft aktuell eine Ausstellung zum rechten Bombenterror von Oberwart, welcher sich im Februar 2025 zum 30. Mal gej\u00e4hrt hat.<br \/>\n<a href=\"https:\/\/initiative.minderheiten.at\/wordpress\/index.php\/2025\/01\/ausstellungseroeffnung-man-will-uns-ans-leben-bomben-gegen-minderheiten-1993-1996-im-oho-offenes-haus-oberwart\/\">https:\/\/initiative.minderheiten.at\/wordpress\/index.php\/2025\/01\/ausstellungseroeffnung-man-will-uns-ans-leben-bomben-gegen-minderheiten-1993-1996-im-oho-offenes-haus-oberwart\/<\/a><\/p>\n","protected":false},"excerpt":{"rendered":"<p>Es geht wieder los, knapp vier Monate nach dem letzten RLO-Match startet der WSC mit neuem alten Trainer ins Fr\u00fchjahr. Das erste Ausw\u00e4rtsmatch 2025 bringt uns gleich das Highlight: die weiteste Fahrt des Jahres zu den starken Oberwartern steht an. &hellip; <a href=\"https:\/\/www.friedhofstribuene.at\/wordpress\/7-3-2025-bus-nach-oberwart\/\">Weiterlesen <span class=\"meta-nav\">&rarr;<\/span><\/a><\/p>\n","protected":false},"author":8,"featured_media":0,"comment_status":"closed","ping_status":"open","sticky":false,"template":"","format":"standard","meta":{"ngg_post_thumbnail":0,"footnotes":""},"categories":[152],"tags":[],"class_list":["post-6844","post","type-post","status-publish","format-standard","hentry","category-on-tour"],"_links":{"self":[{"href":"https:\/\/www.friedhofstribuene.at\/wordpress\/wp-json\/wp\/v2\/posts\/6844","targetHints":{"allow":["GET"]}}],"collection":[{"href":"https:\/\/www.friedhofstribuene.at\/wordpress\/wp-json\/wp\/v2\/posts"}],"about":[{"href":"https:\/\/www.friedhofstribuene.at\/wordpress\/wp-json\/wp\/v2\/types\/post"}],"author":[{"embeddable":true,"href":"https:\/\/www.friedhofstribuene.at\/wordpress\/wp-json\/wp\/v2\/users\/8"}],"replies":[{"embeddable":true,"href":"https:\/\/www.friedhofstribuene.at\/wordpress\/wp-json\/wp\/v2\/comments?post=6844"}],"version-history":[{"count":4,"href":"https:\/\/www.friedhofstribuene.at\/wordpress\/wp-json\/wp\/v2\/posts\/6844\/revisions"}],"predecessor-version":[{"id":6848,"href":"https:\/\/www.friedhofstribuene.at\/wordpress\/wp-json\/wp\/v2\/posts\/6844\/revisions\/6848"}],"wp:attachment":[{"href":"https:\/\/www.friedhofstribuene.at\/wordpress\/wp-json\/wp\/v2\/media?parent=6844"}],"wp:term":[{"taxonomy":"category","embeddable":true,"href":"https:\/\/www.friedhofstribuene.at\/wordpress\/wp-json\/wp\/v2\/categories?post=6844"},{"taxonomy":"post_tag","embeddable":true,"href":"https:\/\/www.friedhofstribuene.at\/wordpress\/wp-json\/wp\/v2\/tags?post=6844"}],"curies":[{"name":"wp","href":"https:\/\/api.w.org\/{rel}","templated":true}]}}