{"id":6870,"date":"2025-04-09T05:17:00","date_gmt":"2025-04-09T03:17:00","guid":{"rendered":"https:\/\/www.friedhofstribuene.at\/wordpress\/?p=6870"},"modified":"2025-04-17T14:33:37","modified_gmt":"2025-04-17T12:33:37","slug":"freitag-18-4-2025-bis-montag-21-4-2025-bus-nach-siegendorf-rad-nach-traiskirchen-wacker-im-trz","status":"publish","type":"post","link":"https:\/\/www.friedhofstribuene.at\/wordpress\/freitag-18-4-2025-bis-montag-21-4-2025-bus-nach-siegendorf-rad-nach-traiskirchen-wacker-im-trz\/","title":{"rendered":"Freitag, 18.4.2025 bis Montag 21.4.2025 \u2013 Bus nach Siegendorf, Rad nach Traiskirchen &#038; Wacker im TRZ"},"content":{"rendered":"<p>Das Osterdoppel des M\u00e4nnerteams kommendes Wochenende kann kommen, denn ausw\u00e4rts ist der WSC im Kalenderjahr noch ohne Punkteverlust.<br \/>\nAm Freitag geht es mit dem Bus nach Siegendorf. Fast h\u00e4tte sich der ASV im Winter nach dem Absprung des Pr\u00e4sidenten aus der RLO zur\u00fcckgezogen. Wie k\u00f6nnte es anders sein war auch Mauerwerk bei der Geschichte involviert, wo ebenjener kurzfristig andockte, bevor er in Leoben landete \u2013 eine klassisch \u00f6sterreichische Funktion\u00e4rskarriere. Kurzfristig wurde ein neuer Kader zusammengestellt, der in den letzten Runden \u00fcberraschend gute Ergebnisse erspielen konnte. Wir haben von unserem bisher einzigen Pflichtspielbesuch noch eine Rechnung offen \u2013 nachzulesen in der Down the Road Doppelausgabe (nur bei den Spielen erh\u00e4ltlich). Die vorletzte Busfahrt der Saison, diesmal wieder mit Abfahrt von der Alszeile, nat\u00fcrlich mit Bar und Tombola!<\/p>\n<p><strong>Freitag, 18.4.2025<\/strong><br \/>\n<strong>ASV Siegendorf \u2013 Wiener Sport-Club<\/strong><br \/>\n<strong>Abfahrt Dornbacher Friedhof (Alszeile 28) 17:00<\/strong><br \/>\n<strong>Anpfiff Siegendorf 19:00<\/strong><br \/>\n<strong>R\u00fcckkehr ca. 22:30<\/strong><br \/>\n<strong>Kosten ca. 14\u20ac<\/strong><\/p>\n<p>Die <strong>Anmeldung<\/strong> zu den Busfahrten ist \u00fcber <strong>folgende Kan\u00e4le<\/strong> m\u00f6glich:<br \/>\n\u2013 pers\u00f6nlich beim Reiseleitungsteam<br \/>\n\u2013 fhtontour@friedhofstribuene.at<br \/>\n\u2013 0677-62796817 \u2013 Anruf, SMS, Signal, WhatsApp, Telegram<\/p>\n<p><strong><span style=\"text-decoration: underline;\">Montag, 21.4.2025 \u2013 Traiskirchen Away \u2013 Put the fun between Your Legs<\/span><\/strong><\/p>\n<p>F\u00fcr den Montagsritt nach Traiskirchen bietet sich die gemeinsame Anreise per Drahtesel an. Die Einladung zur WSC-Mess richtet sich diesmal nicht nur an unsere Ciclisti-Elite, die auch vor anspruchsvollen Zielen wie Oberwart, Scheiblingkirchen oder Ardagger nicht zur\u00fcckschreckt.<br \/>\nNach Traiskirchen geht es im gem\u00fctlichen Hobby-Tempo &#8211; put the fun between your legs! Pirati ciclisti antifascisti!<\/p>\n<p><strong>Variante 1: Radcorso!<\/strong><\/p>\n<p>Abfahrt <strong>13:45<\/strong> Alszeile Stadionbaustelle<br \/>\nZustieg <strong>14:00<\/strong> U6-Vorplatz Josefst\u00e4dter Stra\u00dfe<br \/>\nZustieg <strong>14:15<\/strong> U4-Vorplatz Margareteng\u00fcrtel<br \/>\nVon dort gem\u00fctliche Fahrt \u00fcber Meidling und Inzersdorf auf den Euro-Velo 9 nach Traiskirchen wo wir uns die ausgezeichneten Pommes verdient haben.<br \/>\nAnpfiff FCM Traiskirchen \u2013 Wiener Sport-Club <strong>17:00<\/strong><\/p>\n<p>Die \u00d6ffi-Radr\u00fcckreise nach Wien Hauptbahnhof wird um <strong>19:04 <\/strong>oder<strong> 20:04<\/strong> von der nahen Station Aspangbahn empfohlen (in der Badner Bahn ist keine Radmitnahme m\u00f6glich).<\/p>\n<p><strong>Variante 2: Zug!<\/strong><\/p>\n<p>Abfahrt <strong>Badner Bahn in Meidling 15:19<\/strong> \u2013 Ausstieg M\u00f6llersdorf Lokalbahn<\/p>\n<p>(alternative M\u00f6glichkeit: mit der Aspangbahn R95 vom Hauptbahnhof 15:24 \u2013 Ausstieg Traiskirchen Aspangbahn)<\/p>\n<p><a href=\"https:\/\/www.friedhofstribuene.at\/wordpress\/wp-content\/uploads\/2025\/04\/wsc_putthefun.jpg\"><img loading=\"lazy\" decoding=\"async\" class=\"alignnone size-thumbnail wp-image-6872\" src=\"https:\/\/www.friedhofstribuene.at\/wordpress\/wp-content\/uploads\/2025\/04\/wsc_putthefun-150x150.jpg\" alt=\"\" width=\"150\" height=\"150\" srcset=\"https:\/\/www.friedhofstribuene.at\/wordpress\/wp-content\/uploads\/2025\/04\/wsc_putthefun-150x150.jpg 150w, https:\/\/www.friedhofstribuene.at\/wordpress\/wp-content\/uploads\/2025\/04\/wsc_putthefun-300x300.jpg 300w, https:\/\/www.friedhofstribuene.at\/wordpress\/wp-content\/uploads\/2025\/04\/wsc_putthefun.jpg 567w\" sizes=\"auto, (max-width: 150px) 100vw, 150px\" \/><\/a><\/p>\n<p><span style=\"text-decoration: underline;\"><strong>Sammstag, 19.04.2025 \u2013 Wacker im TRZ<\/strong><\/span><\/p>\n<p>Auch am Sonntag muss nicht auf Fu\u00dfball mit gro\u00dfen Namen verzichtet werden. Der FC Wacker Innsbruck ist zu Gast im Trainingszentrum. Anpfiff ist um 11:00, bleibt also noch genug Zeit zum Eiersuchen. Es geht um wichtige Punkte gegen den Abstieg aus der 2. Frauen Bundesliga.<\/p>\n<p><strong>Das Spiel wurde auf&nbsp; Wunsch von Wacker Innsbruck auf Samstag 19.4. 11 Uhr vorverlegt!<\/strong><\/p>\n<p><strong>Samstag, 19.4.2025<\/strong><br \/>\n<strong>Wiener Sport-Club &#8211; FC Wacker Innsbruck<\/strong><br \/>\n<strong>11:00 Trainingszentrum Erdbrustgasse<\/strong><\/p>\n","protected":false},"excerpt":{"rendered":"<p>Das Osterdoppel des M\u00e4nnerteams kommendes Wochenende kann kommen, denn ausw\u00e4rts ist der WSC im Kalenderjahr noch ohne Punkteverlust. Am Freitag geht es mit dem Bus nach Siegendorf. Fast h\u00e4tte sich der ASV im Winter nach dem Absprung des Pr\u00e4sidenten aus &hellip; <a href=\"https:\/\/www.friedhofstribuene.at\/wordpress\/freitag-18-4-2025-bis-montag-21-4-2025-bus-nach-siegendorf-rad-nach-traiskirchen-wacker-im-trz\/\">Weiterlesen <span class=\"meta-nav\">&rarr;<\/span><\/a><\/p>\n","protected":false},"author":8,"featured_media":0,"comment_status":"closed","ping_status":"open","sticky":false,"template":"","format":"standard","meta":{"ngg_post_thumbnail":0,"footnotes":""},"categories":[152],"tags":[],"class_list":["post-6870","post","type-post","status-publish","format-standard","hentry","category-on-tour"],"_links":{"self":[{"href":"https:\/\/www.friedhofstribuene.at\/wordpress\/wp-json\/wp\/v2\/posts\/6870","targetHints":{"allow":["GET"]}}],"collection":[{"href":"https:\/\/www.friedhofstribuene.at\/wordpress\/wp-json\/wp\/v2\/posts"}],"about":[{"href":"https:\/\/www.friedhofstribuene.at\/wordpress\/wp-json\/wp\/v2\/types\/post"}],"author":[{"embeddable":true,"href":"https:\/\/www.friedhofstribuene.at\/wordpress\/wp-json\/wp\/v2\/users\/8"}],"replies":[{"embeddable":true,"href":"https:\/\/www.friedhofstribuene.at\/wordpress\/wp-json\/wp\/v2\/comments?post=6870"}],"version-history":[{"count":4,"href":"https:\/\/www.friedhofstribuene.at\/wordpress\/wp-json\/wp\/v2\/posts\/6870\/revisions"}],"predecessor-version":[{"id":6876,"href":"https:\/\/www.friedhofstribuene.at\/wordpress\/wp-json\/wp\/v2\/posts\/6870\/revisions\/6876"}],"wp:attachment":[{"href":"https:\/\/www.friedhofstribuene.at\/wordpress\/wp-json\/wp\/v2\/media?parent=6870"}],"wp:term":[{"taxonomy":"category","embeddable":true,"href":"https:\/\/www.friedhofstribuene.at\/wordpress\/wp-json\/wp\/v2\/categories?post=6870"},{"taxonomy":"post_tag","embeddable":true,"href":"https:\/\/www.friedhofstribuene.at\/wordpress\/wp-json\/wp\/v2\/tags?post=6870"}],"curies":[{"name":"wp","href":"https:\/\/api.w.org\/{rel}","templated":true}]}}