{"id":6921,"date":"2025-06-12T10:49:18","date_gmt":"2025-06-12T08:49:18","guid":{"rendered":"https:\/\/www.friedhofstribuene.at\/wordpress\/?p=6921"},"modified":"2025-06-12T10:49:24","modified_gmt":"2025-06-12T08:49:24","slug":"fuer-die-1b-geht-es-um-den-klassenerhalt","status":"publish","type":"post","link":"https:\/\/www.friedhofstribuene.at\/wordpress\/fuer-die-1b-geht-es-um-den-klassenerhalt\/","title":{"rendered":"F\u00fcr die 1b geht es um den Klassenerhalt"},"content":{"rendered":"\n<p>Liga-Finale beim WSC &#8211; am Sa. 14.6., 16 h spielt das 1b-M\u00e4nnerteam ihre letzte Partie gg. SU Sch\u00f6nbrunn ausw\u00e4rts (Hetzendorf, Hervicusgasse 13)! Durch den 5:3-Sieg gestern im Nachtragsspiel gegen den 2. ASV 13 besteht noch eine Chance auf den Klassenerhalt! Dazu muss das Team am Sa. in Meidling gewinnen und die beiden Teams davor m\u00fcssen Punkte liegen lassen. Sollte Mauerwerk tats\u00e4chlich den Spielbetrieb einstellen (m\u00fcssen) reicht es, eines der beiden Teams (Gersthof bzw. Ostbahn) zu \u00fcberholen! Die Burschen freuen sich \u00fcber Support!<\/p>\n","protected":false},"excerpt":{"rendered":"<p>Liga-Finale beim WSC &#8211; am Sa. 14.6., 16 h spielt das 1b-M\u00e4nnerteam ihre letzte Partie gg. SU Sch\u00f6nbrunn ausw\u00e4rts (Hetzendorf, Hervicusgasse 13)! Durch den 5:3-Sieg gestern im Nachtragsspiel gegen den 2. ASV 13 besteht noch eine Chance auf den Klassenerhalt! &hellip; <a href=\"https:\/\/www.friedhofstribuene.at\/wordpress\/fuer-die-1b-geht-es-um-den-klassenerhalt\/\">Weiterlesen <span class=\"meta-nav\">&rarr;<\/span><\/a><\/p>\n","protected":false},"author":6,"featured_media":0,"comment_status":"closed","ping_status":"open","sticky":false,"template":"","format":"standard","meta":{"ngg_post_thumbnail":0,"footnotes":""},"categories":[1],"tags":[],"class_list":["post-6921","post","type-post","status-publish","format-standard","hentry","category-allgemein"],"_links":{"self":[{"href":"https:\/\/www.friedhofstribuene.at\/wordpress\/wp-json\/wp\/v2\/posts\/6921","targetHints":{"allow":["GET"]}}],"collection":[{"href":"https:\/\/www.friedhofstribuene.at\/wordpress\/wp-json\/wp\/v2\/posts"}],"about":[{"href":"https:\/\/www.friedhofstribuene.at\/wordpress\/wp-json\/wp\/v2\/types\/post"}],"author":[{"embeddable":true,"href":"https:\/\/www.friedhofstribuene.at\/wordpress\/wp-json\/wp\/v2\/users\/6"}],"replies":[{"embeddable":true,"href":"https:\/\/www.friedhofstribuene.at\/wordpress\/wp-json\/wp\/v2\/comments?post=6921"}],"version-history":[{"count":1,"href":"https:\/\/www.friedhofstribuene.at\/wordpress\/wp-json\/wp\/v2\/posts\/6921\/revisions"}],"predecessor-version":[{"id":6922,"href":"https:\/\/www.friedhofstribuene.at\/wordpress\/wp-json\/wp\/v2\/posts\/6921\/revisions\/6922"}],"wp:attachment":[{"href":"https:\/\/www.friedhofstribuene.at\/wordpress\/wp-json\/wp\/v2\/media?parent=6921"}],"wp:term":[{"taxonomy":"category","embeddable":true,"href":"https:\/\/www.friedhofstribuene.at\/wordpress\/wp-json\/wp\/v2\/categories?post=6921"},{"taxonomy":"post_tag","embeddable":true,"href":"https:\/\/www.friedhofstribuene.at\/wordpress\/wp-json\/wp\/v2\/tags?post=6921"}],"curies":[{"name":"wp","href":"https:\/\/api.w.org\/{rel}","templated":true}]}}