{"id":6927,"date":"2025-07-23T09:42:17","date_gmt":"2025-07-23T07:42:17","guid":{"rendered":"https:\/\/www.friedhofstribuene.at\/wordpress\/?p=6927"},"modified":"2025-07-23T09:43:16","modified_gmt":"2025-07-23T07:43:16","slug":"26-7-cup-auf-der-howa-und-anreise-zu-fuss","status":"publish","type":"post","link":"https:\/\/www.friedhofstribuene.at\/wordpress\/26-7-cup-auf-der-howa-und-anreise-zu-fuss\/","title":{"rendered":"26.7 Cup auf der HoWa und Anreise zu Fu\u00df"},"content":{"rendered":"<p>Am Sa., 26.7. beginnt die Saison 2025\/26 mit der 1. Cup-Runde in Schwarz-Wei\u00df, das Match findet um 18 h auf der Hohen Warte statt.&nbsp;<\/p>\n<p>Viel lieber h\u00e4tten wir nach der Cup-Abstinenz der letzten Jahre dieses Match in unserem neuen Stadion gespielt, das geht sich aber nicht aus. Daher sind wir bei den blau-gelben D\u00f6blingern zu Gast und wir ersuchen euch alle, die Trib\u00fcne unseres vielfachen Derby-Gegners zu respektieren und bitten euch, die Trib\u00fcne der Vienna nicht mit Pickerln zuzukleben!<\/p>\n<p>Vorschlag f\u00fcr gemeinsame Anreise ( zu Fu\u00df) zur HoWa.&nbsp;<\/p>\n<p>Treffpunkt ca 14:40-14:45 bei der Annemarie.<br \/>\nAufbruch 15 h von dort.<br \/>\nZweiter Treffpunkt ca 16Uhr T\u00fcrkenschanzpark\/ Ecke T\u00dcWI ( beim Brunnen gleich nach den Eingang).&nbsp;<br \/>\nAnkunft HoWa ca 17 Uhr.<\/p>\n<p>Auf ein feines erstes Cup-Match und eine tolle Saison 2025\/26 mit dem neuen Stadion im kommenden Jahr!<\/p>\n<p>Mit schwarz-wei\u00dfen Gr\u00fc\u00dfen, die Freund*innen der Friedhofstrib\u00fcne<\/p>\n","protected":false},"excerpt":{"rendered":"<p>Am Sa., 26.7. beginnt die Saison 2025\/26 mit der 1. Cup-Runde in Schwarz-Wei\u00df, das Match findet um 18 h auf der Hohen Warte statt.&nbsp; Viel lieber h\u00e4tten wir nach der Cup-Abstinenz der letzten Jahre dieses Match in unserem neuen Stadion &hellip; <a href=\"https:\/\/www.friedhofstribuene.at\/wordpress\/26-7-cup-auf-der-howa-und-anreise-zu-fuss\/\">Weiterlesen <span class=\"meta-nav\">&rarr;<\/span><\/a><\/p>\n","protected":false},"author":6,"featured_media":0,"comment_status":"closed","ping_status":"open","sticky":false,"template":"","format":"standard","meta":{"ngg_post_thumbnail":0,"footnotes":""},"categories":[1,303],"tags":[],"class_list":["post-6927","post","type-post","status-publish","format-standard","hentry","category-allgemein","category-cup"],"_links":{"self":[{"href":"https:\/\/www.friedhofstribuene.at\/wordpress\/wp-json\/wp\/v2\/posts\/6927","targetHints":{"allow":["GET"]}}],"collection":[{"href":"https:\/\/www.friedhofstribuene.at\/wordpress\/wp-json\/wp\/v2\/posts"}],"about":[{"href":"https:\/\/www.friedhofstribuene.at\/wordpress\/wp-json\/wp\/v2\/types\/post"}],"author":[{"embeddable":true,"href":"https:\/\/www.friedhofstribuene.at\/wordpress\/wp-json\/wp\/v2\/users\/6"}],"replies":[{"embeddable":true,"href":"https:\/\/www.friedhofstribuene.at\/wordpress\/wp-json\/wp\/v2\/comments?post=6927"}],"version-history":[{"count":1,"href":"https:\/\/www.friedhofstribuene.at\/wordpress\/wp-json\/wp\/v2\/posts\/6927\/revisions"}],"predecessor-version":[{"id":6928,"href":"https:\/\/www.friedhofstribuene.at\/wordpress\/wp-json\/wp\/v2\/posts\/6927\/revisions\/6928"}],"wp:attachment":[{"href":"https:\/\/www.friedhofstribuene.at\/wordpress\/wp-json\/wp\/v2\/media?parent=6927"}],"wp:term":[{"taxonomy":"category","embeddable":true,"href":"https:\/\/www.friedhofstribuene.at\/wordpress\/wp-json\/wp\/v2\/categories?post=6927"},{"taxonomy":"post_tag","embeddable":true,"href":"https:\/\/www.friedhofstribuene.at\/wordpress\/wp-json\/wp\/v2\/tags?post=6927"}],"curies":[{"name":"wp","href":"https:\/\/api.w.org\/{rel}","templated":true}]}}