{"id":6951,"date":"2025-09-04T08:28:10","date_gmt":"2025-09-04T06:28:10","guid":{"rendered":"https:\/\/www.friedhofstribuene.at\/wordpress\/?p=6951"},"modified":"2025-09-05T11:09:54","modified_gmt":"2025-09-05T09:09:54","slug":"17-9-fht-treffen-19-11-a-o-mitgliederversammlung","status":"publish","type":"post","link":"https:\/\/www.friedhofstribuene.at\/wordpress\/17-9-fht-treffen-19-11-a-o-mitgliederversammlung\/","title":{"rendered":"17.9 FHT Treffen &#038; 19.11 a.o. Mitgliederversammlung"},"content":{"rendered":"<p>Das n\u00e4chste Treffen der Friedhofstrib\u00fcne findet am 17.9 ab 19:00 Uhr in der Annemarie (Hernalser Hauptsra\u00dfe 212) statt. Gast ist Sektionsleiter Fu\u00dfball David Krapf-G\u00fcnther.<\/p>\n<p>Am 19.11 findet eine au\u00dferordentliche Mitgliederversammlung der Freund*innen der Friedhofstrib\u00fcne statt. Beginn 18:30 Uhr wiederum in der Annemarie. Die Agenda wird zwei Wochen vorher bekannt gegeben.&nbsp;<\/p>\n","protected":false},"excerpt":{"rendered":"<p>Das n\u00e4chste Treffen der Friedhofstrib\u00fcne findet am 17.9 ab 19:00 Uhr in der Annemarie (Hernalser Hauptsra\u00dfe 212) statt. Gast ist Sektionsleiter Fu\u00dfball David Krapf-G\u00fcnther. Am 19.11 findet eine au\u00dferordentliche Mitgliederversammlung der Freund*innen der Friedhofstrib\u00fcne statt. Beginn 18:30 Uhr wiederum in &hellip; <a href=\"https:\/\/www.friedhofstribuene.at\/wordpress\/17-9-fht-treffen-19-11-a-o-mitgliederversammlung\/\">Weiterlesen <span class=\"meta-nav\">&rarr;<\/span><\/a><\/p>\n","protected":false},"author":6,"featured_media":0,"comment_status":"closed","ping_status":"open","sticky":false,"template":"","format":"standard","meta":{"ngg_post_thumbnail":0,"footnotes":""},"categories":[1],"tags":[],"class_list":["post-6951","post","type-post","status-publish","format-standard","hentry","category-allgemein"],"_links":{"self":[{"href":"https:\/\/www.friedhofstribuene.at\/wordpress\/wp-json\/wp\/v2\/posts\/6951","targetHints":{"allow":["GET"]}}],"collection":[{"href":"https:\/\/www.friedhofstribuene.at\/wordpress\/wp-json\/wp\/v2\/posts"}],"about":[{"href":"https:\/\/www.friedhofstribuene.at\/wordpress\/wp-json\/wp\/v2\/types\/post"}],"author":[{"embeddable":true,"href":"https:\/\/www.friedhofstribuene.at\/wordpress\/wp-json\/wp\/v2\/users\/6"}],"replies":[{"embeddable":true,"href":"https:\/\/www.friedhofstribuene.at\/wordpress\/wp-json\/wp\/v2\/comments?post=6951"}],"version-history":[{"count":3,"href":"https:\/\/www.friedhofstribuene.at\/wordpress\/wp-json\/wp\/v2\/posts\/6951\/revisions"}],"predecessor-version":[{"id":6955,"href":"https:\/\/www.friedhofstribuene.at\/wordpress\/wp-json\/wp\/v2\/posts\/6951\/revisions\/6955"}],"wp:attachment":[{"href":"https:\/\/www.friedhofstribuene.at\/wordpress\/wp-json\/wp\/v2\/media?parent=6951"}],"wp:term":[{"taxonomy":"category","embeddable":true,"href":"https:\/\/www.friedhofstribuene.at\/wordpress\/wp-json\/wp\/v2\/categories?post=6951"},{"taxonomy":"post_tag","embeddable":true,"href":"https:\/\/www.friedhofstribuene.at\/wordpress\/wp-json\/wp\/v2\/tags?post=6951"}],"curies":[{"name":"wp","href":"https:\/\/api.w.org\/{rel}","templated":true}]}}